{"id":38712,"date":"2022-03-13T20:16:48","date_gmt":"2022-03-14T02:16:48","guid":{"rendered":"http:\/\/www.zonaroja.com.mx\/?p=38712"},"modified":"2022-03-13T20:16:49","modified_gmt":"2022-03-14T02:16:49","slug":"agencias-y-colonias-reiteran-su-apoyo-a-chente-castellanos","status":"publish","type":"post","link":"https:\/\/zonaroja.com.mx\/?p=38712","title":{"rendered":"Agencias y colonias reiteran su apoyo a \u201cChente\u201d Castellanos"},"content":{"rendered":"\n<p>Redacci\u00f3n\/Zona Roja.<\/p>\n\n\n\n<p>Oaxaca de Ju\u00e1rez, Oax., 13 de marzo de 2022.- &nbsp;Vecinos y vecinas de las colonias Benito Ju\u00e1rez, Monte Bello y Benito Ju\u00e1rez de Santa Cruz Xoxocotl\u00e1n respaldan el proyecto de doctor Inocente Castellanos Alejos, &nbsp;pues \u00e9l ha ido de puerta en puerta escuchando sus necesidades.<\/p>\n\n\n\n<p>\u201c\u00a1Chente amigo, el pueblo est\u00e1 contigo!\u201d, corearon a cada paso por las calles, en las que mostraron al candidato del PRI, PAN, PRD y Nueva Alianza, la falta de pavimentaci\u00f3n, drenaje y otros servicios b\u00e1sicos, que les mantienen en condiciones de marginaci\u00f3n desde hace cinco a\u00f1os.<\/p>\n\n\n\n<p>\u201cHablan de austeridad, de no robar, de no mentir, de no traicionar, pero llegaron al poder y traicionaron al pueblo y a los principios del mismo Presidente de la Rep\u00fablica, por lo que ya no creemos en los partidos, votaremos por las personas; ellos ya nos han robado mucho\u201d, expresaron xoxe\u00f1as y xoxe\u00f1os de las colonias Rufino Tamayo, Segunda Ampliaci\u00f3n y Monte Bello ante su amigo y vecino Chente Castellanos, a quien invitaron a compartir sus propuestas de campa\u00f1a.<\/p>\n\n\n\n<p>El candidato nacido en Xoxocotl\u00e1n escuch\u00f3 atento el sentir y las necesidades de sus paisanas y paisanos, pues dijo \u201ceste proyecto se construy\u00f3 y se nutre con la participaci\u00f3n ciudadana. No ser\u00e1 un gobierno para una familia, ser\u00e1 para la dignificaci\u00f3n y bienestar de todas las familias xoxe\u00f1as\u201d.<\/p>\n","protected":false},"excerpt":{"rendered":"<p>Redacci\u00f3n\/Zona Roja. Oaxaca de Ju\u00e1rez, Oax., 13 de marzo de 2022.- &nbsp;Vecinos y vecinas de&hellip;<\/p>\n","protected":false},"author":2,"featured_media":38713,"comment_status":"closed","ping_status":"open","sticky":false,"template":"","format":"standard","meta":{"_lmt_disableupdate":"","_lmt_disable":"","_jetpack_memberships_contains_paid_content":false,"footnotes":""},"categories":[109,47],"tags":[3066],"class_list":["post-38712","post","type-post","status-publish","format-standard","has-post-thumbnail","hentry","category-minuto-a-minuto","category-zona-gris","tag-inocente-castellanos-alejos"],"jetpack_featured_media_url":"https:\/\/zonaroja.com.mx\/wp-content\/uploads\/2022\/03\/Inocente-Castellanos-Xoxocotlan-1.jpg","jetpack_sharing_enabled":true,"_links":{"self":[{"href":"https:\/\/zonaroja.com.mx\/index.php?rest_route=\/wp\/v2\/posts\/38712","targetHints":{"allow":["GET"]}}],"collection":[{"href":"https:\/\/zonaroja.com.mx\/index.php?rest_route=\/wp\/v2\/posts"}],"about":[{"href":"https:\/\/zonaroja.com.mx\/index.php?rest_route=\/wp\/v2\/types\/post"}],"author":[{"embeddable":true,"href":"https:\/\/zonaroja.com.mx\/index.php?rest_route=\/wp\/v2\/users\/2"}],"replies":[{"embeddable":true,"href":"https:\/\/zonaroja.com.mx\/index.php?rest_route=%2Fwp%2Fv2%2Fcomments&post=38712"}],"version-history":[{"count":1,"href":"https:\/\/zonaroja.com.mx\/index.php?rest_route=\/wp\/v2\/posts\/38712\/revisions"}],"predecessor-version":[{"id":38714,"href":"https:\/\/zonaroja.com.mx\/index.php?rest_route=\/wp\/v2\/posts\/38712\/revisions\/38714"}],"wp:featuredmedia":[{"embeddable":true,"href":"https:\/\/zonaroja.com.mx\/index.php?rest_route=\/wp\/v2\/media\/38713"}],"wp:attachment":[{"href":"https:\/\/zonaroja.com.mx\/index.php?rest_route=%2Fwp%2Fv2%2Fmedia&parent=38712"}],"wp:term":[{"taxonomy":"category","embeddable":true,"href":"https:\/\/zonaroja.com.mx\/index.php?rest_route=%2Fwp%2Fv2%2Fcategories&post=38712"},{"taxonomy":"post_tag","embeddable":true,"href":"https:\/\/zonaroja.com.mx\/index.php?rest_route=%2Fwp%2Fv2%2Ftags&post=38712"}],"curies":[{"name":"wp","href":"https:\/\/api.w.org\/{rel}","templated":true}]}}