{"id":38715,"date":"2022-03-13T21:12:22","date_gmt":"2022-03-14T03:12:22","guid":{"rendered":"http:\/\/www.zonaroja.com.mx\/?p=38715"},"modified":"2022-03-13T21:12:24","modified_gmt":"2022-03-14T03:12:24","slug":"pondre-mi-vida-si-es-neceario-para-que-le-vaya-bien-a-oaxaca-alvarez","status":"publish","type":"post","link":"https:\/\/zonaroja.com.mx\/?p=38715","title":{"rendered":"\u201c\u00a1Pondr\u00e9 mi vida si es neceario&nbsp;para que le vaya bien a Oaxaca!\u201d: \u00c1lvarez"},"content":{"rendered":"\n<p>Redacci\u00f3n\/Zona Roja.&nbsp;<\/p>\n\n\n\n<p>Oaxaca de Ju\u00e1rez,&nbsp;Oax., a 13 de marzo de 2022.- \u201c\u00a1Juntos lo vamos a hacer bien! \u00a1Y aqu\u00ed en esta calle, ac\u00e1 en la ciudad de Oaxaca, hago un compromiso con todos ustedes!<\/p>\n\n\n\n<p>\u201cQu\u00e9 pondr\u00e9 no solamente todo mi esfuerzo!, \u00a1no solamente todos mis a\u00f1os de trabajo!, \u00a1pondr\u00e9 mi vida si es necesario para que le vaya bien a Oaxaca, como le est\u00e1 yendo con Murat!\u201d.<\/p>\n\n\n\n<p>Esas fueron parte de las palabras de Alejandro Avil\u00e9s \u00c1lvarez, quien, arropado por miles de militantes&nbsp;pri\u00edstas&nbsp;de todas las regiones del estado, fue registrado este domingo ante el IEEPCO como candidato del PRI a la gubernatura de Oaxaca.<\/p>\n\n\n\n<p>\u00abSer\u00e9 el candidato de los compromisos cumplidos; me dicen \u2018El triple A\u2019 \u00bfy saben por qu\u00e9? porque adem\u00e1s de que soy&nbsp;incansable,&nbsp;como los luchadores, tengo amor&nbsp;por Oaxaca como ustedes, tengo la aptitud&nbsp;para gobernar nuestro maravilloso estado y tengo el anhelo&nbsp;de ver que todas y todos los oaxaque\u00f1os salgamos adelante y cumplamos nuestros sue\u00f1os\u201d, &nbsp;manifest\u00f3 durante el mitin.<\/p>\n\n\n\n<p>Una masiva movilizaci\u00f3n inici\u00f3 alrededor de las 15:00 horas de la calle Derechos Humanos de la ciudad de Oaxaca, con rumbo a la sede del Instituto Estatal Electoral y Participaci\u00f3n Ciudadana, donde acudi\u00f3&nbsp;acompa\u00f1ado de su familia y amigos.<\/p>\n\n\n\n<p>Asimismo, del gobernador Alejandro&nbsp;Murat, en su car\u00e1cter de militante; de Alejandro Moreno C\u00e1rdenas, dirigente&nbsp;nacional, y&nbsp;de la dirigencia estatal del PRI encabezada por Javier Villaca\u00f1a, as\u00ed como de los principales cuadros&nbsp;y l\u00edderes&nbsp;de&nbsp;sectores&nbsp;del partido, quienes previamente realizaron un recorrido de varias cuadras.<\/p>\n\n\n\n<p>En un mensaje dirigido a la militancia&nbsp;pri\u00edsta,&nbsp;asegur\u00f3 que \u201cel triunfo ser\u00e1&nbsp;nuestro,&nbsp;porque nosotros los oaxaque\u00f1os ya sabemos que los de&nbsp;Morena&nbsp;tuvieron la oportunidad en algunos municipios y no supieron qu\u00e9&nbsp;hacer;&nbsp;ah\u00ed est\u00e1 Oaxaca de Ju\u00e1rez&nbsp;c\u00f3mo&nbsp;la&nbsp;dejaron,&nbsp;sumida en la&nbsp;inseguridad, llena de&nbsp;baches y&nbsp;basura&nbsp;y&nbsp;ah\u00ed&nbsp;sigue&nbsp;con un gobierno&nbsp;morenista&nbsp;en las mismas condiciones.&nbsp;<\/p>\n\n\n\n<p>\u201cAs\u00ed est\u00e1\u00a0el ejemplo de\u00a0Salina Cruz, Juchit\u00e1n,\u00a0Tehuantepec y\u00a0Zaachila. No sirven para gobernar un municipio y creen que van a poder con el\u00a0estado. Pero saben\u00a0qu\u00e9,\u00a0no los vamos a dejar, nosotros vamos a\u00a0ganar\u201d, dijo.<\/p>\n\n\n\n<figure class=\"wp-block-embed is-type-rich is-provider-twitter wp-block-embed-twitter\"><div class=\"wp-block-embed__wrapper\">\n<div class=\"twitter-tweet\"><blockquote class=\"twitter-tweet\" data-lang=\"es\"><p lang=\"es\" dir=\"ltr\"><a href=\"https:\/\/twitter.com\/hashtag\/%C3%9AltimoMinuto?src=hash&amp;ref_src=twsrc%5Etfw\">#\u00daltimoMinuto<\/a> <a href=\"https:\/\/twitter.com\/hashtag\/EleccionesOaxaca2022?src=hash&amp;ref_src=twsrc%5Etfw\">#EleccionesOaxaca2022<\/a><br>\u201cHago un compromiso con todos ustedes, que pondr\u00e9 no solamente todo mi esfuerzo, no solamente todos mis a\u00f1os de trabajo, \u00a1pondr\u00e9 mi vida si es necesario para que le vaya bien a <a href=\"https:\/\/twitter.com\/hashtag\/Oaxaca?src=hash&amp;ref_src=twsrc%5Etfw\">#Oaxaca<\/a>!\u201d, dijo <a href=\"https:\/\/twitter.com\/_AvilesAlvarez?ref_src=twsrc%5Etfw\">@_AvilesAlvarez<\/a> en su mensaje tras su registro. <a href=\"https:\/\/t.co\/MQrvlgAjtE\">pic.twitter.com\/MQrvlgAjtE<\/a><\/p>&mdash; Zona Roja Oaxaca (@ZonaRoja_Oaxaca) <a href=\"https:\/\/twitter.com\/ZonaRoja_Oaxaca\/status\/1503147611951349760?ref_src=twsrc%5Etfw\">13 de marzo de 2022<\/a><\/blockquote><\/div>\n<\/div><\/figure>\n\n\n\n<p>Avil\u00e9s \u00c1lvarez sostuvo que Oaxaca necesita seguir en la ruta de la construcci\u00f3n de la paz social y del desarrollo para las y los oaxaque\u00f1os,&nbsp;que se refleje en educaci\u00f3n de calidad para la ni\u00f1ez y juventudes, en programas de apoyo para el campo, pescadores y empresarios, &nbsp;en una sociedad incluyente con todos los sectores de la sociedad y desde luego &nbsp;que apoye a sus&nbsp;mujeres garantizando una&nbsp;vida libre de violencia.<\/p>\n\n\n\n<p>A\u00f1adi\u00f3: \u201cso\u00f1emos que podemos vivir en un mejor Oaxaca. Trabajemos juntos en ese sue\u00f1o. Que nadie, ni los gobiernos fallidos de Morena nos arrebaten la esperanza a las y los oaxaque\u00f1os\u201d.&nbsp;<\/p>\n\n\n\n<p>Avil\u00e9s \u00c1lvarez sentenci\u00f3: \u201cen m\u00ed van a encontrar un candidato de propuestas que adem\u00e1s buscar\u00e1 sumar a todos quienes persigan el sue\u00f1o de que en Oaxaca vivamos mejor. No&nbsp;ser\u00e9,&nbsp;ni como candidato ni como gobernador alguien que divida a los&nbsp;oaxaque\u00f1os,&nbsp;como se han empe\u00f1ado en Morena a confrontarnos a todos los mexicanos en el pa\u00eds\u201d.&nbsp;<\/p>\n\n\n\n<p>Afirm\u00f3 que no pondr\u00e1 etiquetas a quienes no piensan como \u00e9l, \u201ctampoco hostigar\u00e9 y descalificar\u00e9 el trabajo de las y los periodistas y mucho menos, le dar\u00e9 la espalda a las mujeres. Todo lo contrario, las mujeres ser\u00e1n mi prioridad.\u201d<\/p>\n\n\n\n<p>Ante los miles de militantes, Alejandro Avil\u00e9s asegur\u00f3 \u201cMi propuesta es de sumar. Es de reconciliaci\u00f3n de a&nbsp;de veras. Es de compromiso genuino con las m\u00e1s importantes causas de los y las oaxaque\u00f1as. Que quede claro: en mi visi\u00f3n nadie se queda fuera y nadie se quedar\u00e1 atr\u00e1s\u201d.<\/p>\n\n\n\n<p>Asimismo, afirm\u00f3 que no buscar\u00e1 confrontar, por el contrario, buscar\u00e1 sumar a todos aquellos que m\u00e1s all\u00e1 de ideolog\u00edas comparten el amor por Oaxaca.<\/p>\n\n\n\n<p>Por eso, convoc\u00f3 a todos los sectores sociales y empresariales, y a todas las fuerzas y expresiones pol\u00edticas a integrarse a esta campa\u00f1a por la victoria de Oaxaca.&nbsp;<\/p>\n\n\n\n<p>Una que vez que inicien las campa\u00f1as, el pr\u00f3ximo 3 de abril, &nbsp;\u201cEl Triple A\u201d , como lo conocen en el estado, dijo que recorrer\u00e1 todas las regiones, &nbsp;casa por casa y a ras de piso.<\/p>\n\n\n\n<p>\u201cYo soy un hombre que viene\u00a0de la\u00a0cultura\u00a0del esfuerzo, que crec\u00ed en el PRI, \u00a0por eso\u00a0ahora les pido con mucho cari\u00f1o y todo el coraz\u00f3n que trabajemos muy fuerte estos dos meses y medio, para darlo todo y que a Oaxaca le vaya muy bien\u00a0seis\u00a0a\u00f1os m\u00e1s\u00bb,\u00a0concluy\u00f3.<\/p>\n\n\n\n<figure class=\"wp-block-embed is-type-rich is-provider-twitter wp-block-embed-twitter\"><div class=\"wp-block-embed__wrapper\">\n<div class=\"twitter-tweet\"><blockquote class=\"twitter-tweet\" data-lang=\"es\"><p lang=\"es\" dir=\"ltr\"><a href=\"https:\/\/twitter.com\/hashtag\/EleccionesOaxaca2022?src=hash&amp;ref_src=twsrc%5Etfw\">#EleccionesOaxaca2022<\/a><br>Varios pol\u00edticos con a\u00f1os de experiencia en labores partidistas, como <a href=\"https:\/\/twitter.com\/marianabenitezt?ref_src=twsrc%5Etfw\">@marianabenitezt<\/a>, <a href=\"https:\/\/twitter.com\/martinvasquezv?ref_src=twsrc%5Etfw\">@martinvasquezv<\/a> y <a href=\"https:\/\/twitter.com\/VillarrealPaco?ref_src=twsrc%5Etfw\">@VillarrealPaco<\/a>, acudieron como miles, al registro de <a href=\"https:\/\/twitter.com\/_AvilesAlvarez?ref_src=twsrc%5Etfw\">@_AvilesAlvarez<\/a> como candidato del PRI a gobernador de <a href=\"https:\/\/twitter.com\/hashtag\/Oaxaca?src=hash&amp;ref_src=twsrc%5Etfw\">#Oaxaca<\/a>. <a href=\"https:\/\/t.co\/kyZoDuCORM\">pic.twitter.com\/kyZoDuCORM<\/a><\/p>&mdash; Zona Roja Oaxaca (@ZonaRoja_Oaxaca) <a href=\"https:\/\/twitter.com\/ZonaRoja_Oaxaca\/status\/1503197736350408704?ref_src=twsrc%5Etfw\">14 de marzo de 2022<\/a><\/blockquote><\/div>\n<\/div><\/figure>\n","protected":false},"excerpt":{"rendered":"<p>Redacci\u00f3n\/Zona Roja.&nbsp; Oaxaca de Ju\u00e1rez,&nbsp;Oax., a 13 de marzo de 2022.- \u201c\u00a1Juntos lo vamos a&hellip;<\/p>\n","protected":false},"author":2,"featured_media":38716,"comment_status":"closed","ping_status":"open","sticky":false,"template":"","format":"standard","meta":{"_lmt_disableupdate":"","_lmt_disable":"","_jetpack_memberships_contains_paid_content":false,"footnotes":""},"categories":[109,46],"tags":[316],"class_list":["post-38715","post","type-post","status-publish","format-standard","has-post-thumbnail","hentry","category-minuto-a-minuto","category-zona-blanca","tag-alejandro-aviles-alvarez"],"jetpack_featured_media_url":"https:\/\/zonaroja.com.mx\/wp-content\/uploads\/2022\/03\/Aviles.jpg","jetpack_sharing_enabled":true,"_links":{"self":[{"href":"https:\/\/zonaroja.com.mx\/index.php?rest_route=\/wp\/v2\/posts\/38715","targetHints":{"allow":["GET"]}}],"collection":[{"href":"https:\/\/zonaroja.com.mx\/index.php?rest_route=\/wp\/v2\/posts"}],"about":[{"href":"https:\/\/zonaroja.com.mx\/index.php?rest_route=\/wp\/v2\/types\/post"}],"author":[{"embeddable":true,"href":"https:\/\/zonaroja.com.mx\/index.php?rest_route=\/wp\/v2\/users\/2"}],"replies":[{"embeddable":true,"href":"https:\/\/zonaroja.com.mx\/index.php?rest_route=%2Fwp%2Fv2%2Fcomments&post=38715"}],"version-history":[{"count":1,"href":"https:\/\/zonaroja.com.mx\/index.php?rest_route=\/wp\/v2\/posts\/38715\/revisions"}],"predecessor-version":[{"id":38717,"href":"https:\/\/zonaroja.com.mx\/index.php?rest_route=\/wp\/v2\/posts\/38715\/revisions\/38717"}],"wp:featuredmedia":[{"embeddable":true,"href":"https:\/\/zonaroja.com.mx\/index.php?rest_route=\/wp\/v2\/media\/38716"}],"wp:attachment":[{"href":"https:\/\/zonaroja.com.mx\/index.php?rest_route=%2Fwp%2Fv2%2Fmedia&parent=38715"}],"wp:term":[{"taxonomy":"category","embeddable":true,"href":"https:\/\/zonaroja.com.mx\/index.php?rest_route=%2Fwp%2Fv2%2Fcategories&post=38715"},{"taxonomy":"post_tag","embeddable":true,"href":"https:\/\/zonaroja.com.mx\/index.php?rest_route=%2Fwp%2Fv2%2Ftags&post=38715"}],"curies":[{"name":"wp","href":"https:\/\/api.w.org\/{rel}","templated":true}]}}