{"id":38722,"date":"2022-03-14T06:52:02","date_gmt":"2022-03-14T12:52:02","guid":{"rendered":"http:\/\/www.zonaroja.com.mx\/?p=38722"},"modified":"2022-03-14T06:52:03","modified_gmt":"2022-03-14T12:52:03","slug":"matan-a-tiros-a-periodista-de-estados-unidos-en-ucrania","status":"publish","type":"post","link":"https:\/\/zonaroja.com.mx\/?p=38722","title":{"rendered":"Matan a tiros a periodista de Estados Unidos en Ucrania"},"content":{"rendered":"\n<p>Redacci\u00f3n\/Zona Roja Cdmx.<\/p>\n\n\n\n<p>Ciudad de M\u00e9xico, 14 de marzo de 2022.- Un periodista estadunidense muri\u00f3 a tiros y otro, de la misma nacionalidad, result\u00f3 herido este domingo en Irpin, un suburbio del noroeste de Kiev, donde las fuerzas ucranianas combaten contra las tropas rusas.<\/p>\n\n\n\n<p>La v\u00edctima mortal es Brent Renaud, un fot\u00f3grafo y realizador independiente de documentales de Nueva York, de 50 a\u00f1os y se convirti\u00f3 en el primer profesional de la comunicaci\u00f3n extranjero muerto desde la invasi\u00f3n rusa a Ucrania, el 24 de febrero.<\/p>\n\n\n\n<p>Un periodista de la cadena p\u00fablica ucraniana muri\u00f3 el 1 de marzo durante el bombardeo ruso a la torre de la televisi\u00f3n en Kiev.<\/p>\n\n\n\n<p>Los dos estadunidenses fueron alcanzados por las balas mientras circulaban en coche con un civil ucraniano, que tambi\u00e9n fue herido, precis\u00f3 Danylo Shapovalov, un m\u00e9dico de la defensa territorial de Ucrania que trat\u00f3 a las v\u00edctimas.<\/p>\n\n\n\n<p>Renaud \u00abrecibi\u00f3 un balazo en la nuca y muri\u00f3 al instante\u00bb, explic\u00f3 Shapovalov.<\/p>\n\n\n\n<p>\u00abSiguieron disparando\u00bb<\/p>\n\n\n\n<p>El otro reportero herido, Juan Arredondo, relat\u00f3 el incidente mortal&nbsp;en un video grabado desde un hospital que public\u00f3 en redes sociales.<\/p>\n\n\n\n<p>Hab\u00edamos ido a filmar a los refugiados abandonando la zona. Nos subimos a un veh\u00edculo y alguien se ofreci\u00f3 a llevarnos al otro lado del puente\u201d, cont\u00f3.<\/p>\n\n\n\n<p>Pasamos un control y nos empezaron a disparar. El conductor se dio la vuelta y siguieron disparando\u00bb, agreg\u00f3, sin precisar de qu\u00e9 lado pudieron provenir los disparos.<\/p>\n\n\n\n<p>Las autoridades ucranianas acusaron r\u00e1pidamente a las fuerzas rusas de haber disparado contra los periodistas, pero de momento se desconoce de d\u00f3nde proced\u00edan los tiros.<\/p>\n\n\n\n<p>Estamos consultando a los ucranianos para determinar c\u00f3mo sucedi\u00f3 esto\u201d, declar\u00f3 Jake Sullivan, asesor de seguridad nacional del presidente estadunidense Joe Biden, al canal estadunidense CBS, tildando la muerte de \u201cimpactante y horrible\u201d.<\/p>\n\n\n\n<p>Renaud, tambi\u00e9n escritor, era de Little Rock, Arkansas, seg\u00fan el sitio web de la Fundaci\u00f3n Nieman para el Periodismo, vinculada sobre todo a la Universidad de Harvard, que le otorg\u00f3 una beca en 2019.<\/p>\n\n\n\n<p>Las fuerzas rusas en Ucrania deben cesar de inmediato toda violencia contra periodistas y civiles, y quien haya matado a Renaud deber\u00e1 rendir cuentas\u00bb, tuite\u00f3 el Comit\u00e9 para la Protecci\u00f3n de los Periodistas (CPJ), con sede en Nueva York.<\/p>\n\n\n\n<p>Adem\u00e1s, trabaj\u00f3 en numerosos proyectos de documentales con su hermano Craig y cubri\u00f3 temas tan diversos como la crisis de refugiados en Am\u00e9rica Central, las manifestaciones pol\u00edticas en Egipto y la lucha contra el extremismo en \u00c1frica y Oriente Medio.<\/p>\n\n\n\n<p>Ambos ganaron el Premio Peabody en 2015 por una serie documental sobre una escuela para ni\u00f1os con problemas en Chicago.<\/p>\n\n\n\n<p>Recientemente, Renaud hab\u00eda trabajado en una protesta de Black Lives Matter en Harrison, Arkansas, conocido como santuario para los supremacistas blancos. Su trabajo fue publicado por el Boston Globe.<\/p>\n\n\n\n<p>(Informaci\u00f3n de agencias internacionales y \u201cExc\u00e9lsior\u201d)<\/p>\n","protected":false},"excerpt":{"rendered":"<p>Redacci\u00f3n\/Zona Roja Cdmx. Ciudad de M\u00e9xico, 14 de marzo de 2022.- Un periodista estadunidense muri\u00f3&hellip;<\/p>\n","protected":false},"author":2,"featured_media":38723,"comment_status":"closed","ping_status":"open","sticky":false,"template":"","format":"standard","meta":{"_lmt_disableupdate":"","_lmt_disable":"","_jetpack_memberships_contains_paid_content":false,"footnotes":""},"categories":[109,47],"tags":[3040],"class_list":["post-38722","post","type-post","status-publish","format-standard","has-post-thumbnail","hentry","category-minuto-a-minuto","category-zona-gris","tag-conflicto-ucrania-rusia-2"],"jetpack_featured_media_url":"https:\/\/zonaroja.com.mx\/wp-content\/uploads\/2022\/03\/Matan-periodista-EU-en-Rusia.jpeg","jetpack_sharing_enabled":true,"_links":{"self":[{"href":"https:\/\/zonaroja.com.mx\/index.php?rest_route=\/wp\/v2\/posts\/38722","targetHints":{"allow":["GET"]}}],"collection":[{"href":"https:\/\/zonaroja.com.mx\/index.php?rest_route=\/wp\/v2\/posts"}],"about":[{"href":"https:\/\/zonaroja.com.mx\/index.php?rest_route=\/wp\/v2\/types\/post"}],"author":[{"embeddable":true,"href":"https:\/\/zonaroja.com.mx\/index.php?rest_route=\/wp\/v2\/users\/2"}],"replies":[{"embeddable":true,"href":"https:\/\/zonaroja.com.mx\/index.php?rest_route=%2Fwp%2Fv2%2Fcomments&post=38722"}],"version-history":[{"count":1,"href":"https:\/\/zonaroja.com.mx\/index.php?rest_route=\/wp\/v2\/posts\/38722\/revisions"}],"predecessor-version":[{"id":38724,"href":"https:\/\/zonaroja.com.mx\/index.php?rest_route=\/wp\/v2\/posts\/38722\/revisions\/38724"}],"wp:featuredmedia":[{"embeddable":true,"href":"https:\/\/zonaroja.com.mx\/index.php?rest_route=\/wp\/v2\/media\/38723"}],"wp:attachment":[{"href":"https:\/\/zonaroja.com.mx\/index.php?rest_route=%2Fwp%2Fv2%2Fmedia&parent=38722"}],"wp:term":[{"taxonomy":"category","embeddable":true,"href":"https:\/\/zonaroja.com.mx\/index.php?rest_route=%2Fwp%2Fv2%2Fcategories&post=38722"},{"taxonomy":"post_tag","embeddable":true,"href":"https:\/\/zonaroja.com.mx\/index.php?rest_route=%2Fwp%2Fv2%2Ftags&post=38722"}],"curies":[{"name":"wp","href":"https:\/\/api.w.org\/{rel}","templated":true}]}}