{"id":3873,"date":"2019-09-11T18:52:43","date_gmt":"2019-09-11T23:52:43","guid":{"rendered":"http:\/\/www.zonaroja.com.mx\/?p=3873"},"modified":"2019-09-11T18:52:46","modified_gmt":"2019-09-11T23:52:46","slug":"ante-nulos-resultados-diputados-acuerdan-comparecencia-de-fiscalia-sspo-y-smo","status":"publish","type":"post","link":"https:\/\/zonaroja.com.mx\/?p=3873","title":{"rendered":"Ante nulos resultados, diputados acuerdan comparecencia de Fiscal\u00eda, SSPO y SMO"},"content":{"rendered":"\n<p>Ismael\nGarc\u00eda M.\/Zona Roja.<\/p>\n\n\n\n<p>San Raymundo\nJalpan, Oax., 11 de septiembre de 2019.- El pleno de la 64 Legislatura de\nOaxaca aprob\u00f3 con 32 votos la comparecencia de los titulares de la Fiscal\u00eda\nGeneral del Estado, Secretar\u00eda de Seguridad P\u00fablica y Secretar\u00eda de las Mujeres\nOaxaque\u00f1as, ante los nulos resultados a un a\u00f1o de la implementaci\u00f3n de la\nAlerta de Violencia de G\u00e9nero en la entidad.<\/p>\n\n\n\n<p>El Punto de Acuerdo fue avalado por la mayor\u00eda de legisladores del Partido Morena y las dos del grupo parlamentario de Mujeres Independientes.<\/p>\n\n\n\n<figure class=\"wp-block-embed-twitter wp-block-embed is-type-rich is-provider-twitter\"><div class=\"wp-block-embed__wrapper\">\n<div class=\"twitter-tweet\"><blockquote class=\"twitter-tweet\" data-lang=\"es\"><p lang=\"es\" dir=\"ltr\"><a href=\"https:\/\/twitter.com\/hashtag\/OaxacaGris?src=hash&amp;ref_src=twsrc%5Etfw\">#OaxacaGris<\/a><br>Ante nulas acciones en la Alerta de Violencia de G\u00e9nero, la mayor\u00eda de integrantes del <a href=\"https:\/\/twitter.com\/CongresoOaxLXIV?ref_src=twsrc%5Etfw\">@CongresoOaxLXIV<\/a> aprob\u00f3 hoy llamar a comparecer a titulares de la <a href=\"https:\/\/twitter.com\/SSP_GobOax?ref_src=twsrc%5Etfw\">@SSP_GobOax<\/a>, <a href=\"https:\/\/twitter.com\/FISCALIA_GobOax?ref_src=twsrc%5Etfw\">@FISCALIA_GobOax<\/a> y <a href=\"https:\/\/twitter.com\/SMO_GobOax?ref_src=twsrc%5Etfw\">@SMO_GobOax<\/a>; fecha la acordar\u00e1 la Jucopo. <a href=\"https:\/\/twitter.com\/GES_Mujer?ref_src=twsrc%5Etfw\">@GES_Mujer<\/a> <a href=\"https:\/\/twitter.com\/consorciooaxaca?ref_src=twsrc%5Etfw\">@consorciooaxaca<\/a> <a href=\"https:\/\/t.co\/Qby6c08dsa\">pic.twitter.com\/Qby6c08dsa<\/a><\/p>&mdash; Zona Roja Oaxaca (@MexRoja) <a href=\"https:\/\/twitter.com\/MexRoja\/status\/1171861546911223808?ref_src=twsrc%5Etfw\">11 de septiembre de 2019<\/a><\/blockquote><\/div>\n<\/div><\/figure>\n\n\n\n<p>\u201cEs\nnecesario llamar a comparecer al fiscal General (Rub\u00e9n Vasconcelos M\u00e9ndez), al titular\nde la Secretar\u00eda de Seguridad P\u00fablica (Ra\u00fal Ernesto Salcedo) y a la titular de\nla Secretar\u00eda de las Mujeres (Ana V\u00e1squez Colmenares).<\/p>\n\n\n\n<p>Lo anterior\ncon la finalidad de conocer, a un a\u00f1o de haberse declarado la Alerta de\nViolencia de G\u00e9nero contra las mujeres en nuestro estado, \u00bfQu\u00e9 acciones han\nimplementado con motivo de? \u00bfQu\u00e9 medidas se han tomado ante la alza de\nviolencia hacia las mujeres?, refiere la iniciativa.<\/p>\n\n\n\n<p>Expone que en lo que va de este a\u00f1o, han ocurrido en Oaxaca 92 feminicidios, 117 desde que se decret\u00f3 la declaratoria de Alerta de G\u00e9nero. En lo que va del sexenio del gobernador Alejandro Ismael Murat Hinojosa suman 341 feminicidios, se\u00f1ala.<\/p>\n\n\n\n<figure class=\"wp-block-embed-twitter wp-block-embed is-type-rich is-provider-twitter\"><div class=\"wp-block-embed__wrapper\">\n<div class=\"twitter-tweet\"><blockquote class=\"twitter-tweet\" data-lang=\"es\"><p lang=\"es\" dir=\"ltr\"><a href=\"https:\/\/twitter.com\/hashtag\/OaxacaGris?src=hash&amp;ref_src=twsrc%5Etfw\">#OaxacaGris<\/a><br>Acerca de los <a href=\"https:\/\/twitter.com\/hashtag\/feminicidios?src=hash&amp;ref_src=twsrc%5Etfw\">#feminicidios<\/a> y pr\u00f3ximas comparecencias, \u201cLo importante es que la <a href=\"https:\/\/twitter.com\/FISCALIA_GobOax?ref_src=twsrc%5Etfw\">@FISCALIA_GobOax<\/a> haga su trabajo de manera puntual\u201d, dijo hoy la diputada <a href=\"https:\/\/twitter.com\/HildaLuis_?ref_src=twsrc%5Etfw\">@HildaLuis_<\/a>, tras sesi\u00f3n del <a href=\"https:\/\/twitter.com\/CongresoOaxLXIV?ref_src=twsrc%5Etfw\">@CongresoOaxLXIV<\/a>.<a href=\"https:\/\/twitter.com\/CONAVIM_MX?ref_src=twsrc%5Etfw\">@CONAVIM_MX<\/a> <a href=\"https:\/\/twitter.com\/Fridaguerrera?ref_src=twsrc%5Etfw\">@Fridaguerrera<\/a> <a href=\"https:\/\/t.co\/VVSmKUT0Sz\">pic.twitter.com\/VVSmKUT0Sz<\/a><\/p>&mdash; Zona Roja Oaxaca (@MexRoja) <a href=\"https:\/\/twitter.com\/MexRoja\/status\/1171917792855175173?ref_src=twsrc%5Etfw\">11 de septiembre de 2019<\/a><\/blockquote><\/div>\n<\/div><\/figure>\n\n\n\n<p>En tribuna,\nla propuesta fue le\u00edda por la diputada de Morena, Hilda P\u00e9rez Luis; fue\navalado, entre otros, por las legisladoras Magaly L\u00f3pez Dom\u00ednguez.<\/p>\n\n\n\n<p>Tras la\nlectura, el presidente de la Mesa Directiva, C\u00e9sar Morales Ni\u00f1o, intent\u00f3 evitar\nque fuera aprobada por obvia y urgente resoluci\u00f3n, al argumentar que tendr\u00eda\nque turnarse a comisiones y pasar a la Junta de Coordinaci\u00f3n Pol\u00edtica.<\/p>\n\n\n\n<p>Diputadas y\ndiputados le hicieron ver su error y que en todo caso la facultad de la Junta\nser\u00eda, una vez aprobado el Punto de Acuerdo, acordar la fecha de las\ncomparecencias.<\/p>\n","protected":false},"excerpt":{"rendered":"<p>Ismael Garc\u00eda M.\/Zona Roja. San Raymundo Jalpan, Oax., 11 de septiembre de 2019.- El pleno&hellip;<\/p>\n","protected":false},"author":2,"featured_media":3874,"comment_status":"closed","ping_status":"open","sticky":false,"template":"","format":"standard","meta":{"_lmt_disableupdate":"","_lmt_disable":"","_jetpack_memberships_contains_paid_content":false,"footnotes":""},"categories":[109,47],"tags":[695,303],"class_list":["post-3873","post","type-post","status-publish","format-standard","has-post-thumbnail","hentry","category-minuto-a-minuto","category-zona-gris","tag-alerta-de-violencia-de-genero","tag-congreso-del-estado-de-oaxaca"],"jetpack_featured_media_url":"https:\/\/zonaroja.com.mx\/wp-content\/uploads\/2019\/09\/IMG_6916.jpg","jetpack_sharing_enabled":true,"_links":{"self":[{"href":"https:\/\/zonaroja.com.mx\/index.php?rest_route=\/wp\/v2\/posts\/3873","targetHints":{"allow":["GET"]}}],"collection":[{"href":"https:\/\/zonaroja.com.mx\/index.php?rest_route=\/wp\/v2\/posts"}],"about":[{"href":"https:\/\/zonaroja.com.mx\/index.php?rest_route=\/wp\/v2\/types\/post"}],"author":[{"embeddable":true,"href":"https:\/\/zonaroja.com.mx\/index.php?rest_route=\/wp\/v2\/users\/2"}],"replies":[{"embeddable":true,"href":"https:\/\/zonaroja.com.mx\/index.php?rest_route=%2Fwp%2Fv2%2Fcomments&post=3873"}],"version-history":[{"count":1,"href":"https:\/\/zonaroja.com.mx\/index.php?rest_route=\/wp\/v2\/posts\/3873\/revisions"}],"predecessor-version":[{"id":3875,"href":"https:\/\/zonaroja.com.mx\/index.php?rest_route=\/wp\/v2\/posts\/3873\/revisions\/3875"}],"wp:featuredmedia":[{"embeddable":true,"href":"https:\/\/zonaroja.com.mx\/index.php?rest_route=\/wp\/v2\/media\/3874"}],"wp:attachment":[{"href":"https:\/\/zonaroja.com.mx\/index.php?rest_route=%2Fwp%2Fv2%2Fmedia&parent=3873"}],"wp:term":[{"taxonomy":"category","embeddable":true,"href":"https:\/\/zonaroja.com.mx\/index.php?rest_route=%2Fwp%2Fv2%2Fcategories&post=3873"},{"taxonomy":"post_tag","embeddable":true,"href":"https:\/\/zonaroja.com.mx\/index.php?rest_route=%2Fwp%2Fv2%2Ftags&post=3873"}],"curies":[{"name":"wp","href":"https:\/\/api.w.org\/{rel}","templated":true}]}}