{"id":38738,"date":"2022-03-14T14:16:15","date_gmt":"2022-03-14T20:16:15","guid":{"rendered":"https:\/\/www.zonaroja.com.mx\/?p=38738"},"modified":"2022-03-14T14:16:17","modified_gmt":"2022-03-14T20:16:17","slug":"surge-snse-otro-sindicato-de-maestros-en-oaxaca","status":"publish","type":"post","link":"https:\/\/zonaroja.com.mx\/?p=38738","title":{"rendered":"Surge SNSE, otro sindicato de maestros en Oaxaca"},"content":{"rendered":"\n<p> Yuridiana Sosa\/ Zona Roja<\/p>\n\n\n\n<p>Oaxaca de Ju\u00e1rez, Oax., 14 de marzo de 2022.- Bajo las siglas Sindicato Nacional del Sector Educativo (SNSE), Secci\u00f3n Oaxaca, trabajadores de la educaci\u00f3n se aglutinan en este gremio recientemente creado a nivel nacional y con presencia en esta entidad.<\/p>\n\n\n\n<p>La dirigencia estatal present\u00f3 en conferencia de prensa el reci\u00e9n nacido sindicato, del que el pasado 9 de marzo se entreg\u00f3 a la Secretar\u00eda General de Gobierno de Oaxaca (Segego) la toma de nota otorgada por la Junta Local de Conciliaci\u00f3n y Arbitraje (JLCA).<\/p>\n\n\n\n<p>El presidente de la Comisi\u00f3n Ejecutiva del Sindicato, Juan Hern\u00e1ndez Gracida, inform\u00f3 que este grupo empez\u00f3 su conformaci\u00f3n desde el a\u00f1o 2019 ante la inquietud de trabajadores de la educaci\u00f3n de tener una representatividad diferente a las existentes.<\/p>\n\n\n\n<p>Durante la conferencia, Hern\u00e1ndez Gracida dijo que este sindicato se conform\u00f3 con el apoyo de organizaciones sociales y civiles en las que tambi\u00e9n buscar\u00e1n ayuda para la educaci\u00f3n, entre estos grupos se encuentra M\u00e9xico Republicano A.C, Uni\u00f3n General Obrera Campesina y Popular (UGOCEP) y representantes en M\u00e9xico del Partido Dem\u00f3crata y Republicano de Estados Unidos.&nbsp;<\/p>\n\n\n\n<p>\u201cSabemos que no todas las necesidades no se pueden cubrir por el gobierno, por eso buscamos alianzas con la iniciativa privada\u201d, expres\u00f3 el dirigente, quien agreg\u00f3 que estos apoyos podr\u00edan ser utilizados en la conclusi\u00f3n de construcci\u00f3n de escuelas.&nbsp;<\/p>\n\n\n\n<p> La Secci\u00f3n Oaxaca del SNSE, con unos mil 500 agremiados, exhort\u00f3 a los docentes a integrarse a este grupo, aunque recalc\u00f3 el respeto a las diferentes corrientes sindicales en el estado que representan a los trabajadores de la educaci\u00f3n. <\/p>\n","protected":false},"excerpt":{"rendered":"<p>Yuridiana Sosa\/ Zona Roja Oaxaca de Ju\u00e1rez, Oax., 14 de marzo de 2022.- Bajo las&hellip;<\/p>\n","protected":false},"author":2,"featured_media":38737,"comment_status":"closed","ping_status":"open","sticky":false,"template":"","format":"standard","meta":{"_lmt_disableupdate":"","_lmt_disable":"","_jetpack_memberships_contains_paid_content":false,"footnotes":""},"categories":[109,46],"tags":[],"class_list":["post-38738","post","type-post","status-publish","format-standard","has-post-thumbnail","hentry","category-minuto-a-minuto","category-zona-blanca"],"jetpack_featured_media_url":"https:\/\/zonaroja.com.mx\/wp-content\/uploads\/2022\/03\/f8b93a22-5928-4136-b820-84f87125b7a7.jpg","jetpack_sharing_enabled":true,"_links":{"self":[{"href":"https:\/\/zonaroja.com.mx\/index.php?rest_route=\/wp\/v2\/posts\/38738","targetHints":{"allow":["GET"]}}],"collection":[{"href":"https:\/\/zonaroja.com.mx\/index.php?rest_route=\/wp\/v2\/posts"}],"about":[{"href":"https:\/\/zonaroja.com.mx\/index.php?rest_route=\/wp\/v2\/types\/post"}],"author":[{"embeddable":true,"href":"https:\/\/zonaroja.com.mx\/index.php?rest_route=\/wp\/v2\/users\/2"}],"replies":[{"embeddable":true,"href":"https:\/\/zonaroja.com.mx\/index.php?rest_route=%2Fwp%2Fv2%2Fcomments&post=38738"}],"version-history":[{"count":1,"href":"https:\/\/zonaroja.com.mx\/index.php?rest_route=\/wp\/v2\/posts\/38738\/revisions"}],"predecessor-version":[{"id":38739,"href":"https:\/\/zonaroja.com.mx\/index.php?rest_route=\/wp\/v2\/posts\/38738\/revisions\/38739"}],"wp:featuredmedia":[{"embeddable":true,"href":"https:\/\/zonaroja.com.mx\/index.php?rest_route=\/wp\/v2\/media\/38737"}],"wp:attachment":[{"href":"https:\/\/zonaroja.com.mx\/index.php?rest_route=%2Fwp%2Fv2%2Fmedia&parent=38738"}],"wp:term":[{"taxonomy":"category","embeddable":true,"href":"https:\/\/zonaroja.com.mx\/index.php?rest_route=%2Fwp%2Fv2%2Fcategories&post=38738"},{"taxonomy":"post_tag","embeddable":true,"href":"https:\/\/zonaroja.com.mx\/index.php?rest_route=%2Fwp%2Fv2%2Ftags&post=38738"}],"curies":[{"name":"wp","href":"https:\/\/api.w.org\/{rel}","templated":true}]}}