{"id":38740,"date":"2022-03-14T16:53:15","date_gmt":"2022-03-14T22:53:15","guid":{"rendered":"http:\/\/www.zonaroja.com.mx\/?p=38740"},"modified":"2022-03-14T16:53:17","modified_gmt":"2022-03-14T22:53:17","slug":"covid-a-dos-anos-del-dia-que-nos-taparon-la-boca","status":"publish","type":"post","link":"https:\/\/zonaroja.com.mx\/?p=38740","title":{"rendered":"Covid: a dos a\u00f1os del d\u00eda que nos taparon la boca&nbsp;"},"content":{"rendered":"\n<p>Yuridiana Sosa\/Zona Roja.<\/p>\n\n\n\n<p>Oaxaca de Ju\u00e1rez, Oax., 14 de marzo de 2022.-A dos a\u00f1os de distancia desde el primer caso de Covid-19 en Oaxaca para muchos la pandemia ha pasado; el peligro es menor y los esfuerzos de los ciudadanos por reencontrarse con la pasada vida ordinaria, sin nueva normalidad, persisten.<\/p>\n\n\n\n<p>Fue en el municipio de La Ci\u00e9nega, del distrito de Zimatl\u00e1n, en que se detect\u00f3 el primer caso, un 14 de marzo de 2020.<\/p>\n\n\n\n<p>Las cifras oficiales de las autoridades sanitarias muestran el agresivo segundo a\u00f1o de pandemia en Oaxaca, pese a todo un ciclo de jornadas de vacunaci\u00f3n contra este virus, desde menores con 12 a\u00f1os de edad, hasta adultos mayores.<\/p>\n\n\n\n<p>Nada conten\u00eda al crecimiento del virus y sus variantes en el mundo volvieron a atentar contra una poblaci\u00f3n cada vez m\u00e1s activa y resistente a las imposiciones de medidas de restricci\u00f3n.<\/p>\n\n\n\n<p>La lucha contra el virus en Oaxaca ha impactado en nueve mil 394 miembros del personal de salud que han resultado contagiados al transcurso de dos a\u00f1os, cinco mil 949 son mujeres y tres mil 445 varones y de los que 121 han fallecido, 42 fueron mujeres y 79 hombres, de acuerdo con datos oficiales.<\/p>\n\n\n\n<p>Al paso de dos a\u00f1os de pandemia en territorio oaxaque\u00f1o, Servicios de Salud de Oaxaca (SSO) report\u00f3 este 13 de marzo, en su informe m\u00e1s reciente, un acumulado total de 118 mil 563 casos, de los que 76 mil 274 ocurrieron en el transcurso del segundo a\u00f1o de pandemia, lo que representa el 64 por ciento de los contagios desde el 2020 a la fecha.<\/p>\n\n\n\n<p>Respecto a las defunciones, tambi\u00e9n con base a los datos oficiales, la cantidad entre las acumuladas en el primer a\u00f1o y el segundo, pr\u00e1cticamente se estanc\u00f3. Durante el primer periodo se registraron tres mil 56, y durante el segundo, tres mil 41, con un total de seis mil 97 en el bienio.<\/p>\n\n\n\n<p>AUSENCIA DE ROJO Y ELECCIONES<\/p>\n\n\n\n<p>Oaxaca lleg\u00f3 al segundo a\u00f1o con sem\u00e1foro verde, el cual predomin\u00f3 al transcurso del segundo a\u00f1o de pandemia, pese a dificultades en aumento de casos, sin embargo, en este periodo la secretar\u00eda de Salud de M\u00e9xico nunca emiti\u00f3 el color rojo, de m\u00e1xima alerta, para Oaxaca.<\/p>\n\n\n\n<p>Incluso, el periodo electoral que vivi\u00f3 Oaxaca transcurri\u00f3 en alerta verde, de bajo riesgo, lo que caus\u00f3 la incontenible movilidad de ciudadanos en m\u00edtines y cualquier evento de proselitismo, en los que las reglas sanitarias quedaron de lado, principalmente la sana distancia.<\/p>\n\n\n\n<p>La efervescencia electoral redujo el temor al Covid para algunos, aunque a la vuelta de la jornada electoral, Oaxaca cay\u00f3 al sem\u00e1foro naranja hasta finales de agosto, cuando la crisis por una nueva variante tambi\u00e9n ya dejaba da\u00f1os.<\/p>\n\n\n\n<p>VARIANTES Y OLAS<\/p>\n\n\n\n<p>A mediados del a\u00f1o la variante Delta se convert\u00eda en la nueva amenaza, la cual pronto lleg\u00f3 a Oaxaca. La tercera ola comenzaba a vivirse.<\/p>\n\n\n\n<p>Servicios de Salud de Oaxaca (SSO) notificaron al 17 de julio que de acuerdo con la actualizaci\u00f3n del Instituto de Diagn\u00f3stico y Referencia Epidemiol\u00f3gicos (InDRE) y de la Direcci\u00f3n General de Epidemiolog\u00eda (DGE) de la Secretar\u00eda de Salud, se confirmaba la existencia de tres nuevas variantes del virus SARS-CoV-2 en territorio oaxaque\u00f1o, con un total de 13 variantes dispersas.<\/p>\n\n\n\n<p>Las nuevas variantes detectadas fueron la Delta en Santa Mar\u00eda Tonameca, Costa y San Juan Bautista Tuxtepec, Cuenca del Papaloapan y Lambda en Santa Mar\u00eda Jalapa del Marqu\u00e9s, Istmo de Tehuantepec. La primera de ellas, de gran mortalidad.<\/p>\n\n\n\n<p>La cuarta ola lleg\u00f3 a finales de a\u00f1o en M\u00e9xico con la variante \u00d3micron, peligrosa por su r\u00e1pida capacidad de transmisi\u00f3n, pero que las autoridades sanitarias aseguraron era menos mortal.<\/p>\n\n\n\n<p>En medio del caso, se abri\u00f3 una nueva esperanza para una nueva poblaci\u00f3n que podr\u00eda ser vacunada, pues en octubre en Oaxaca se anunci\u00f3 sobre el pre registro de adolescentes de 12 a 17 a\u00f1os con alguna comorbilidad; de esta forma, esta poblaci\u00f3n tambi\u00e9n se pondr\u00eda en menor riesgo ante el virus.<\/p>\n\n\n\n<p>El 30 de diciembre se dio a conocer el primer caso de esta variante de Covid-19 en Oaxaca, la cual afect\u00f3 por primera vez a una persona de 26 a\u00f1os y para el 6 de enero los Servicios de Salud de Oaxaca ya confirmaban un total de 11 casos de la variante \u00d3micron en la entidad.<\/p>\n\n\n\n<p>Los altos \u00edndices de contagio provocaron que a finales del primer mes del a\u00f1o se rompiera r\u00e9cord de personas enfermas de Covid-19, con el registro de mil 155 casos nuevos y m\u00e1s de siete mil casos activos.<\/p>\n\n\n\n<p>En Oaxaca, a dos a\u00f1os de distancia desde el primer caso, la vida contin\u00faa casi de forma normal, entre intensas manifestaciones, prolongadas campa\u00f1as de vacunaci\u00f3n y la preparaci\u00f3n de otra jornada electoral con elecci\u00f3n en junio y otra vez, la pandemia quedar\u00e1 en segundo plano.<\/p>\n","protected":false},"excerpt":{"rendered":"<p>Yuridiana Sosa\/Zona Roja. Oaxaca de Ju\u00e1rez, Oax., 14 de marzo de 2022.-A dos a\u00f1os de&hellip;<\/p>\n","protected":false},"author":2,"featured_media":13947,"comment_status":"closed","ping_status":"open","sticky":false,"template":"","format":"standard","meta":{"_lmt_disableupdate":"","_lmt_disable":"","_jetpack_memberships_contains_paid_content":false,"footnotes":""},"categories":[109,47],"tags":[1512],"class_list":["post-38740","post","type-post","status-publish","format-standard","has-post-thumbnail","hentry","category-minuto-a-minuto","category-zona-gris","tag-coronavirus-oaxaca"],"jetpack_featured_media_url":"https:\/\/zonaroja.com.mx\/wp-content\/uploads\/2020\/06\/Coronavirus-mundo.jpg","jetpack_sharing_enabled":true,"_links":{"self":[{"href":"https:\/\/zonaroja.com.mx\/index.php?rest_route=\/wp\/v2\/posts\/38740","targetHints":{"allow":["GET"]}}],"collection":[{"href":"https:\/\/zonaroja.com.mx\/index.php?rest_route=\/wp\/v2\/posts"}],"about":[{"href":"https:\/\/zonaroja.com.mx\/index.php?rest_route=\/wp\/v2\/types\/post"}],"author":[{"embeddable":true,"href":"https:\/\/zonaroja.com.mx\/index.php?rest_route=\/wp\/v2\/users\/2"}],"replies":[{"embeddable":true,"href":"https:\/\/zonaroja.com.mx\/index.php?rest_route=%2Fwp%2Fv2%2Fcomments&post=38740"}],"version-history":[{"count":1,"href":"https:\/\/zonaroja.com.mx\/index.php?rest_route=\/wp\/v2\/posts\/38740\/revisions"}],"predecessor-version":[{"id":38741,"href":"https:\/\/zonaroja.com.mx\/index.php?rest_route=\/wp\/v2\/posts\/38740\/revisions\/38741"}],"wp:featuredmedia":[{"embeddable":true,"href":"https:\/\/zonaroja.com.mx\/index.php?rest_route=\/wp\/v2\/media\/13947"}],"wp:attachment":[{"href":"https:\/\/zonaroja.com.mx\/index.php?rest_route=%2Fwp%2Fv2%2Fmedia&parent=38740"}],"wp:term":[{"taxonomy":"category","embeddable":true,"href":"https:\/\/zonaroja.com.mx\/index.php?rest_route=%2Fwp%2Fv2%2Fcategories&post=38740"},{"taxonomy":"post_tag","embeddable":true,"href":"https:\/\/zonaroja.com.mx\/index.php?rest_route=%2Fwp%2Fv2%2Ftags&post=38740"}],"curies":[{"name":"wp","href":"https:\/\/api.w.org\/{rel}","templated":true}]}}