{"id":38742,"date":"2022-03-14T19:14:45","date_gmt":"2022-03-15T01:14:45","guid":{"rendered":"http:\/\/www.zonaroja.com.mx\/?p=38742"},"modified":"2022-03-14T19:14:47","modified_gmt":"2022-03-15T01:14:47","slug":"llegaron-y-dispararon-a-quemaropa-testigo-sobre-ejecucion-de-dos-personas-por-aei","status":"publish","type":"post","link":"https:\/\/zonaroja.com.mx\/?p=38742","title":{"rendered":"\u201cLlegaron y dispararon a quemaropa\u201d: testigo sobre ejecuci\u00f3n de dos personas por AEI"},"content":{"rendered":"\n<p>Yuridiana Sosa\/Zona Roja.<\/p>\n\n\n\n<p>Oaxaca de Ju\u00e1rez, Oax., 14 de marzo de 2022.- Una mujer que atestigu\u00f3 la agresi\u00f3n armada de elementos de la Agencia Estatal de Investigaci\u00f3n (AEI) contra personas en Pinotepa Nacional contradijo la versi\u00f3n de la Fiscal\u00eda General del Estado de Oaxaca, sobre el hecho que dej\u00f3 como saldo dos personas muertas y una lesionada.<\/p>\n\n\n\n<p>Durante el evento violento ocurrido el pasado 10 de marzo, en la colonia El Porvenir de ese municipio de la regi\u00f3n de la Costa, la mujer que se identific\u00f3 como Yesemani Mart\u00ednez Gonz\u00e1lez, se\u00f1al\u00f3 que hombres armados, con chalecos con las letras AEI, s\u00f3lo se bajaron de un coche y comenzaron a disparar.<\/p>\n\n\n\n<p>\u201cDispararon a quema ropa a las personas que estaban a fuera\u201d, apunt\u00f3 la mujer, hermana del hombre que falleci\u00f3 en el momento y quien era el padre de un joven que recientemente hab\u00edan localizado muerto. La segunda v\u00edctima falleci\u00f3 en un hospital debido a las heridas.<\/p>\n\n\n\n<p>Mientras que la Fiscal\u00eda General de Oaxaca reconoci\u00f3 en mensajes de redes sociales que \u201cAgentes Estatales de Investigaci\u00f3n (AEI) realizaron un operativo para ejecutar una orden de aprehensi\u00f3n en inmediaciones de la calle 23 Sur, cuando un grupo de personas -entre las que estaba el imputado- abri\u00f3 fuego contra los elementos de la AEI, quienes repelieron el ataque.&nbsp;<\/p>\n\n\n\n<p>\u201cDerivado de lo anterior, un elemento de la AEI se encuentra herido por disparo de arma de fuego, quien actualmente recibe atenci\u00f3n m\u00e9dica. As\u00ed tambi\u00e9n, del grupo que propici\u00f3 el ataque, fallecieron dos personas del sexo masculino\u201d.<\/p>\n\n\n\n<p>Ante el temor de ser nuevamente agredidos por los agentes estatales, Mart\u00ednez Gonz\u00e1lez realiz\u00f3 una transmisi\u00f3n en vivo de la llegada de m\u00e1s elementos durante el fin de semana al domicilio donde ocurrieron los hechos.<\/p>\n\n\n\n<p>\u201cEstoy haciendo esta transmisi\u00f3n por seguridad\u201d, expres\u00f3 la doliente, quien sostuvo su versi\u00f3n de los hechos el pasado 10 de marzo y del que existen varios testigos m\u00e1s.<\/p>\n\n\n\n<p>&nbsp;En la visita m\u00e1s reciente los elementos informaron a la familia que deb\u00edan continuar con las diligencias correspondientes sobre el ataque, por lo que pidieron a la mujer apagar la luz de su tel\u00e9fono durante su transmisi\u00f3n, por lo que las im\u00e1genes quedaron limitadas.<\/p>\n","protected":false},"excerpt":{"rendered":"<p>Yuridiana Sosa\/Zona Roja. Oaxaca de Ju\u00e1rez, Oax., 14 de marzo de 2022.- Una mujer que&hellip;<\/p>\n","protected":false},"author":2,"featured_media":23170,"comment_status":"closed","ping_status":"open","sticky":false,"template":"","format":"standard","meta":{"_lmt_disableupdate":"","_lmt_disable":"","_jetpack_memberships_contains_paid_content":false,"footnotes":""},"categories":[109,47],"tags":[494],"class_list":["post-38742","post","type-post","status-publish","format-standard","has-post-thumbnail","hentry","category-minuto-a-minuto","category-zona-gris","tag-fiscalia-general-del-estado-de-oaxaca"],"jetpack_featured_media_url":"https:\/\/zonaroja.com.mx\/wp-content\/uploads\/2021\/02\/Agencia-AEI-2.jpg","jetpack_sharing_enabled":true,"_links":{"self":[{"href":"https:\/\/zonaroja.com.mx\/index.php?rest_route=\/wp\/v2\/posts\/38742","targetHints":{"allow":["GET"]}}],"collection":[{"href":"https:\/\/zonaroja.com.mx\/index.php?rest_route=\/wp\/v2\/posts"}],"about":[{"href":"https:\/\/zonaroja.com.mx\/index.php?rest_route=\/wp\/v2\/types\/post"}],"author":[{"embeddable":true,"href":"https:\/\/zonaroja.com.mx\/index.php?rest_route=\/wp\/v2\/users\/2"}],"replies":[{"embeddable":true,"href":"https:\/\/zonaroja.com.mx\/index.php?rest_route=%2Fwp%2Fv2%2Fcomments&post=38742"}],"version-history":[{"count":1,"href":"https:\/\/zonaroja.com.mx\/index.php?rest_route=\/wp\/v2\/posts\/38742\/revisions"}],"predecessor-version":[{"id":38743,"href":"https:\/\/zonaroja.com.mx\/index.php?rest_route=\/wp\/v2\/posts\/38742\/revisions\/38743"}],"wp:featuredmedia":[{"embeddable":true,"href":"https:\/\/zonaroja.com.mx\/index.php?rest_route=\/wp\/v2\/media\/23170"}],"wp:attachment":[{"href":"https:\/\/zonaroja.com.mx\/index.php?rest_route=%2Fwp%2Fv2%2Fmedia&parent=38742"}],"wp:term":[{"taxonomy":"category","embeddable":true,"href":"https:\/\/zonaroja.com.mx\/index.php?rest_route=%2Fwp%2Fv2%2Fcategories&post=38742"},{"taxonomy":"post_tag","embeddable":true,"href":"https:\/\/zonaroja.com.mx\/index.php?rest_route=%2Fwp%2Fv2%2Ftags&post=38742"}],"curies":[{"name":"wp","href":"https:\/\/api.w.org\/{rel}","templated":true}]}}