{"id":38747,"date":"2022-03-14T21:13:14","date_gmt":"2022-03-15T03:13:14","guid":{"rendered":"http:\/\/www.zonaroja.com.mx\/?p=38747"},"modified":"2022-03-14T21:19:15","modified_gmt":"2022-03-15T03:19:15","slug":"incontenibles-las-protestas-en-oaxaca-fracasa-dialogo-en-caso-zaachila","status":"publish","type":"post","link":"https:\/\/zonaroja.com.mx\/?p=38747","title":{"rendered":"Incontenibles las protestas en Oaxaca; fracasa di\u00e1logo en caso Zaachila"},"content":{"rendered":"\n<p>Redacci\u00f3n\/Zona Roja.<\/p>\n\n\n\n<p>Oaxaca de Ju\u00e1rez, Oax., 14 de marzo de 2022.- Los conflictos siguen rebasando a la Secretar\u00eda General de Gobierno de Oaxaca y, de nueva cuenta, la semana inici\u00f3 con intensas movilizaciones.<\/p>\n\n\n\n<p>Adem\u00e1s, cinco d\u00edas despu\u00e9s de surgido el problema, la instituci\u00f3n que encabeza Francisco Garc\u00eda L\u00f3pez, medi\u00f3 entre la agencia Vicente Guerrero y la Villa de Zaachila, para que se retire el bloqueo carretero y al acceso al tiradero municipal.<\/p>\n\n\n\n<p>Sin embargo, el encuentro fue de acusaciones mutuas entre las autoridades auxiliares y el ayuntamiento, por lo que \u00fanicamente se presentaron propuestas por parte del edil Rigoberto Chac\u00f3n, que los habitantes consideraron como insuficientes, por lo cual contin\u00faa el cierre de vialidades.<\/p>\n\n\n\n<figure class=\"wp-block-embed is-type-rich is-provider-twitter wp-block-embed-twitter\"><div class=\"wp-block-embed__wrapper\">\n<div class=\"twitter-tweet\"><blockquote class=\"twitter-tweet\" data-lang=\"es\"><p lang=\"es\" dir=\"ltr\"><a href=\"https:\/\/twitter.com\/hashtag\/%C3%9AltimoMinuto?src=hash&amp;ref_src=twsrc%5Etfw\">#\u00daltimoMinuto<\/a> <br>Fracasa el di\u00e1logo convocado por la <a href=\"https:\/\/twitter.com\/SEGEGO_GobOax?ref_src=twsrc%5Etfw\">@SEGEGO_GobOax<\/a>.<br>La agencia Vicente Guerrero y la autoridad de la Villa de Zaachila se acusan mutuamente.<br>Continuar\u00e1 bloqueada la carretera federal 175 a la Costa, as\u00ed como el acceso al dep\u00f3sito de basura de los municipios. <a href=\"https:\/\/t.co\/qtiS0g6wXg\">pic.twitter.com\/qtiS0g6wXg<\/a><\/p>&mdash; Zona Roja Oaxaca (@ZonaRoja_Oaxaca) <a href=\"https:\/\/twitter.com\/ZonaRoja_Oaxaca\/status\/1503542664414830596?ref_src=twsrc%5Etfw\">15 de marzo de 2022<\/a><\/blockquote><\/div>\n<\/div><\/figure>\n\n\n\n<p>Por otra parte, un nuevo problema surgi\u00f3 hoy, en el municipio de \u00c1nimas Trujano, conurbado a la capital, quienes cerraron tambi\u00e9n la v\u00eda federal 175, a la altura de esa localidad, por un asunto interno agrario; adem\u00e1s, mantienen retenido, mas no encarcelado, al edil Claudio V\u00e1squez S\u00e1nchez.<\/p>\n\n\n\n<p>Previo a ello, integrantes del Frente Popular Revolucionario (FPR) se concentraron desde las nueve de la ma\u00f1ana en la carretera a la Costa, en el cruce con el acceso al aeropuerto internacional, para bloquear de manera temporal, y luego salir en marcha hacia el z\u00f3calo de la capital.<\/p>\n\n\n\n<p>Lo anterior, con la finalidad de exigir detenci\u00f3n del autor intelectual del asesinato de Tom\u00e1s Mart\u00ednez, dirigente regional de la organizaci\u00f3n, pese a que ayer la Fiscal\u00eda General del Estado detuvo a un tercer probable autor material del crimen.<\/p>\n\n\n\n<figure class=\"wp-block-embed is-type-rich is-provider-twitter wp-block-embed-twitter\"><div class=\"wp-block-embed__wrapper\">\n<div class=\"twitter-tweet\"><blockquote class=\"twitter-tweet\" data-lang=\"es\"><p lang=\"es\" dir=\"ltr\"><a href=\"https:\/\/twitter.com\/hashtag\/%C3%9AltimoMinuto?src=hash&amp;ref_src=twsrc%5Etfw\">#\u00daltimoMinuto<\/a> <br>En\u00e9sima protesta de inicio de semana en <a href=\"https:\/\/twitter.com\/hashtag\/Oaxaca?src=hash&amp;ref_src=twsrc%5Etfw\">#Oaxaca<\/a>. <br>Ahora, pobladores de \u00c1nimas Trujano bloquean la v\u00eda a la Costa, a la altura de ese municipio, al sur de la capital. <br>Es derivado de un conflicto interno. <a href=\"https:\/\/t.co\/65j2llx4A4\">pic.twitter.com\/65j2llx4A4<\/a><\/p>&mdash; Zona Roja Oaxaca (@ZonaRoja_Oaxaca) <a href=\"https:\/\/twitter.com\/ZonaRoja_Oaxaca\/status\/1503421818857680896?ref_src=twsrc%5Etfw\">14 de marzo de 2022<\/a><\/blockquote><\/div>\n<\/div><\/figure>\n\n\n\n<p>TAMBI\u00c9N EN REGIONES<\/p>\n\n\n\n<p>Mientras tanto, en Juchit\u00e1n de Zaragoza, permanece un bloqueo carretero, a la altura del paraje \u201cPepe y Lolita\u201d, en la carretera Panamericana, por parte de pobladores de la agencia \u00c1lvaro Obreg\u00f3n.<\/p>\n\n\n\n<p>Demandan anulaci\u00f3n del proceso efectuado ayer para la elecci\u00f3n de sus autoridades auxiliares y acusan que el edil Emilio Motero P\u00e9rez favoreci\u00f3 a uno de los candidatos.<\/p>\n\n\n\n<p>En la regi\u00f3n de la Cuenca, pobladores del municipio de San Juan Bautista Valle Nacional mantiene un bloqueo a la carretera federal 175, Tuxtepec-Oaxaca, para exigir la atenci\u00f3n de autoridades del gobierno federal.<\/p>\n\n\n\n<figure class=\"wp-block-embed is-type-rich is-provider-twitter wp-block-embed-twitter\"><div class=\"wp-block-embed__wrapper\">\n<div class=\"twitter-tweet\"><blockquote class=\"twitter-tweet\" data-lang=\"es\"><p lang=\"es\" dir=\"ltr\"><a href=\"https:\/\/twitter.com\/hashtag\/%C3%9AltimoMinuto?src=hash&amp;ref_src=twsrc%5Etfw\">#\u00daltimoMinuto<\/a> <br>Protesta el <a href=\"https:\/\/twitter.com\/FPR_OAXACA?ref_src=twsrc%5Etfw\">@FPR_OAXACA<\/a> en la carretera federal 175 Oaxaca-Puerto \u00c1ngel, a la altura del crucero del aeropuerto. <br>Insiste en justicia por el crimen de Tom\u00e1s Mart\u00ednez; ya hay tres personas detenidas. <a href=\"https:\/\/t.co\/RJEJy1Vqjg\">pic.twitter.com\/RJEJy1Vqjg<\/a><\/p>&mdash; Zona Roja Oaxaca (@ZonaRoja_Oaxaca) <a href=\"https:\/\/twitter.com\/ZonaRoja_Oaxaca\/status\/1503395894460227585?ref_src=twsrc%5Etfw\">14 de marzo de 2022<\/a><\/blockquote><\/div>\n<\/div><\/figure>\n","protected":false},"excerpt":{"rendered":"<p>Redacci\u00f3n\/Zona Roja. Oaxaca de Ju\u00e1rez, Oax., 14 de marzo de 2022.- Los conflictos siguen rebasando&hellip;<\/p>\n","protected":false},"author":2,"featured_media":38748,"comment_status":"closed","ping_status":"open","sticky":false,"template":"","format":"standard","meta":{"_lmt_disableupdate":"","_lmt_disable":"","_jetpack_memberships_contains_paid_content":false,"footnotes":""},"categories":[109,47],"tags":[2264],"class_list":["post-38747","post","type-post","status-publish","format-standard","has-post-thumbnail","hentry","category-minuto-a-minuto","category-zona-gris","tag-bloqueos-y-protestas-oaxaca"],"jetpack_featured_media_url":"https:\/\/zonaroja.com.mx\/wp-content\/uploads\/2022\/03\/Bloqueo-Istmo-Juchitan.jpeg","jetpack_sharing_enabled":true,"_links":{"self":[{"href":"https:\/\/zonaroja.com.mx\/index.php?rest_route=\/wp\/v2\/posts\/38747","targetHints":{"allow":["GET"]}}],"collection":[{"href":"https:\/\/zonaroja.com.mx\/index.php?rest_route=\/wp\/v2\/posts"}],"about":[{"href":"https:\/\/zonaroja.com.mx\/index.php?rest_route=\/wp\/v2\/types\/post"}],"author":[{"embeddable":true,"href":"https:\/\/zonaroja.com.mx\/index.php?rest_route=\/wp\/v2\/users\/2"}],"replies":[{"embeddable":true,"href":"https:\/\/zonaroja.com.mx\/index.php?rest_route=%2Fwp%2Fv2%2Fcomments&post=38747"}],"version-history":[{"count":2,"href":"https:\/\/zonaroja.com.mx\/index.php?rest_route=\/wp\/v2\/posts\/38747\/revisions"}],"predecessor-version":[{"id":38750,"href":"https:\/\/zonaroja.com.mx\/index.php?rest_route=\/wp\/v2\/posts\/38747\/revisions\/38750"}],"wp:featuredmedia":[{"embeddable":true,"href":"https:\/\/zonaroja.com.mx\/index.php?rest_route=\/wp\/v2\/media\/38748"}],"wp:attachment":[{"href":"https:\/\/zonaroja.com.mx\/index.php?rest_route=%2Fwp%2Fv2%2Fmedia&parent=38747"}],"wp:term":[{"taxonomy":"category","embeddable":true,"href":"https:\/\/zonaroja.com.mx\/index.php?rest_route=%2Fwp%2Fv2%2Fcategories&post=38747"},{"taxonomy":"post_tag","embeddable":true,"href":"https:\/\/zonaroja.com.mx\/index.php?rest_route=%2Fwp%2Fv2%2Ftags&post=38747"}],"curies":[{"name":"wp","href":"https:\/\/api.w.org\/{rel}","templated":true}]}}