{"id":38751,"date":"2022-03-14T21:54:49","date_gmt":"2022-03-15T03:54:49","guid":{"rendered":"http:\/\/www.zonaroja.com.mx\/?p=38751"},"modified":"2022-03-14T21:54:51","modified_gmt":"2022-03-15T03:54:51","slug":"dos-anos-de-pandemia-en-oaxaca-han-dejado-6-mil-98-fallecidos","status":"publish","type":"post","link":"https:\/\/zonaroja.com.mx\/?p=38751","title":{"rendered":"Dos a\u00f1os de pandemia en Oaxaca han dejado 6 mil 98 fallecidos"},"content":{"rendered":"\n<p>Redacci\u00f3n\/Zona Roja.<\/p>\n\n\n\n<p>Oaxaca de Ju\u00e1rez, Oax., 14 de marzo de 2022.- Este 14 de marzo se cumplen dos a\u00f1os en que se reportaron los primeros dos casos importados del virus SARS-CoV-2 en la entidad, se trat\u00f3 de un hombre de 62 a\u00f1os y una mujer de 30 a\u00f1os.<\/p>\n\n\n\n<p>De acuerdo al Informe T\u00e9cnico diario, los Servicios de Salud de Oaxaca (SSO) cuantifican 118 mil 694 contagios acumulados, 112 mil 114 se han recuperado del padecimiento y 482 cursan con la enfermedad en fase activa en 82 municipios, quienes pueden transmitir la infecci\u00f3n viral.<\/p>\n\n\n\n<p>Despu\u00e9s de la tercera ola de Covid-19, que mantuvo al pa\u00eds en general en vilo, el n\u00famero global de casos nuevos en Oaxaca ha bajado por cuarta semana consecutiva al pasar de 347 registros el pasado 14 de febrero, a 131 este d\u00eda.<\/p>\n\n\n\n<p>A su vez, la dependencia inform\u00f3 que este lunes se notifica una defunci\u00f3n, para un total de seis mil 098 p\u00e9rdidas de vidas humanas y en este sentido destac\u00f3 que el estado, es de los que menor tasa de letalidad tiene a nivel nacional, pues por cada 100 personas que se contagian actualmente de este Coronavirus, mueren cinco.<\/p>\n\n\n\n<p>Ante este panorama, la instituci\u00f3n puntualiz\u00f3 que para continuar mitigando los efectos de la pandemia, se mantienen vigentes -igual que hace 24 meses- el uso correcto del cubrebocas, el lavado frecuente de manos con agua y jab\u00f3n, la sana distancia de 1.5 metros entre personas y evitar las aglomeraciones, pues son el mejor escudo contra la enfermedad.<\/p>\n\n\n\n<figure class=\"wp-block-embed is-type-rich is-provider-twitter wp-block-embed-twitter\"><div class=\"wp-block-embed__wrapper\">\n<div class=\"twitter-tweet\"><blockquote class=\"twitter-tweet\" data-lang=\"es\"><p lang=\"es\" dir=\"ltr\"><a href=\"https:\/\/twitter.com\/hashtag\/%C3%9AltimoMinuto?src=hash&amp;ref_src=twsrc%5Etfw\">#\u00daltimoMinuto<\/a><br>El estado de <a href=\"https:\/\/twitter.com\/hashtag\/Oaxaca?src=hash&amp;ref_src=twsrc%5Etfw\">#Oaxaca<\/a> registr\u00f3 este lunes 131 casos positivos de Covid, 1 fallecimiento y 482 casos activos, informaron los Servicios de Salud.<br>Se acumulan 118 mil 694 casos confirmados y 6 mil 98 decesos.<br>Hay 6 nosocomios saturados; ocupaci\u00f3n hospitalaria de 17.8%. <a href=\"https:\/\/t.co\/OuHMltV1KW\">pic.twitter.com\/OuHMltV1KW<\/a><\/p>&mdash; Zona Roja Oaxaca (@ZonaRoja_Oaxaca) <a href=\"https:\/\/twitter.com\/ZonaRoja_Oaxaca\/status\/1503558205208735744?ref_src=twsrc%5Etfw\">15 de marzo de 2022<\/a><\/blockquote><\/div>\n<\/div><\/figure>\n\n\n\n<p>Asimismo, se exhorta a la poblaci\u00f3n a vacunarse y aplicarse la dosis de refuerzo cuando les corresponda de acuerdo a su grupo de edad, pues est\u00e1 demostrado que las vacunas protegen y disminuyen el riesgo de enfermar gravemente.<\/p>\n\n\n\n<p>Por zona geogr\u00e1fica, Valles Centrales es la que tiene el mayor n\u00famero de positivos acumulados con 72 mil 512, cifra que representa el 61.09%; seguido del Istmo con 16 mil 535; Tuxtepec con ocho mil 843; Mixteca con ocho mil 735; Costa con ocho mil 244 y Sierra con tres mil 825.&nbsp;<\/p>\n\n\n\n<p>Durante la \u00faltima jornada se identificaron 33 municipios con casos nuevos, dentro de los que destacan: Oaxaca de Ju\u00e1rez con 44 positivos, Cuil\u00e1pam de Guerrero con 17, Santa Mar\u00eda Atzompa con nueve, Miahuatl\u00e1n de Porfirio D\u00edaz y Santa Cruz Xoxocotl\u00e1n con siete cada uno, Salina Cruz con cinco, por mencionar algunos.<\/p>\n\n\n\n<p>La red hospitalaria se encuentra al 17.8% de ocupaci\u00f3n de camas para pacientes que presentan alguna complicaci\u00f3n, seis nosocomios se ubican al 100% de su capacidad, y un paciente fue hospitalizado en las \u00faltima 24 horas, por lo que hay 324 camas disponibles de un total de 394.<\/p>\n\n\n\n<p>La dependencia llam\u00f3 a seguir aplicando con disciplina las acciones de prevenci\u00f3n, pues a pesar de que Oaxaca se encuentra en sem\u00e1foro epid\u00e9mico color verde es importante reducir la incidencia de contagios y defunciones a causa del virus.<\/p>\n","protected":false},"excerpt":{"rendered":"<p>Redacci\u00f3n\/Zona Roja. Oaxaca de Ju\u00e1rez, Oax., 14 de marzo de 2022.- Este 14 de marzo&hellip;<\/p>\n","protected":false},"author":2,"featured_media":38752,"comment_status":"closed","ping_status":"open","sticky":false,"template":"","format":"standard","meta":{"_lmt_disableupdate":"","_lmt_disable":"","_jetpack_memberships_contains_paid_content":false,"footnotes":""},"categories":[109,47],"tags":[1512],"class_list":["post-38751","post","type-post","status-publish","format-standard","has-post-thumbnail","hentry","category-minuto-a-minuto","category-zona-gris","tag-coronavirus-oaxaca"],"jetpack_featured_media_url":"https:\/\/zonaroja.com.mx\/wp-content\/uploads\/2022\/03\/Coronavirus-Covid-14-marzo.jpg","jetpack_sharing_enabled":true,"_links":{"self":[{"href":"https:\/\/zonaroja.com.mx\/index.php?rest_route=\/wp\/v2\/posts\/38751","targetHints":{"allow":["GET"]}}],"collection":[{"href":"https:\/\/zonaroja.com.mx\/index.php?rest_route=\/wp\/v2\/posts"}],"about":[{"href":"https:\/\/zonaroja.com.mx\/index.php?rest_route=\/wp\/v2\/types\/post"}],"author":[{"embeddable":true,"href":"https:\/\/zonaroja.com.mx\/index.php?rest_route=\/wp\/v2\/users\/2"}],"replies":[{"embeddable":true,"href":"https:\/\/zonaroja.com.mx\/index.php?rest_route=%2Fwp%2Fv2%2Fcomments&post=38751"}],"version-history":[{"count":1,"href":"https:\/\/zonaroja.com.mx\/index.php?rest_route=\/wp\/v2\/posts\/38751\/revisions"}],"predecessor-version":[{"id":38753,"href":"https:\/\/zonaroja.com.mx\/index.php?rest_route=\/wp\/v2\/posts\/38751\/revisions\/38753"}],"wp:featuredmedia":[{"embeddable":true,"href":"https:\/\/zonaroja.com.mx\/index.php?rest_route=\/wp\/v2\/media\/38752"}],"wp:attachment":[{"href":"https:\/\/zonaroja.com.mx\/index.php?rest_route=%2Fwp%2Fv2%2Fmedia&parent=38751"}],"wp:term":[{"taxonomy":"category","embeddable":true,"href":"https:\/\/zonaroja.com.mx\/index.php?rest_route=%2Fwp%2Fv2%2Fcategories&post=38751"},{"taxonomy":"post_tag","embeddable":true,"href":"https:\/\/zonaroja.com.mx\/index.php?rest_route=%2Fwp%2Fv2%2Ftags&post=38751"}],"curies":[{"name":"wp","href":"https:\/\/api.w.org\/{rel}","templated":true}]}}