{"id":38754,"date":"2022-03-15T10:55:00","date_gmt":"2022-03-15T16:55:00","guid":{"rendered":"http:\/\/www.zonaroja.com.mx\/?p=38754"},"modified":"2022-03-14T22:10:19","modified_gmt":"2022-03-15T04:10:19","slug":"opinion-oaxaca-pierde-indicacion-de-origen-de-los-alebrijes","status":"publish","type":"post","link":"https:\/\/zonaroja.com.mx\/?p=38754","title":{"rendered":"Opini\u00f3n. Oaxaca pierde indicaci\u00f3n de origen de los alebrijes"},"content":{"rendered":"\n<p>N\u00e9stor Y. S\u00e1nchez Islas<\/p>\n\n\n\n<p>Apenas en&nbsp;octubre de 2020, el gobierno de Oaxaca echaba las campanas al vuelo y repart\u00eda gacetillas a todos los medios para festejar que, gracias a las gestiones de la Secretar\u00eda de Econom\u00eda estatal, se hab\u00eda obtenido por parte del Instituto Mexicano de la Propiedad Industrial, IMPI, la Indicaci\u00f3n Geogr\u00e1fica, IG, para \u201cproteger\u201d a los alebrijes de plagios o imitaciones.&nbsp;<\/p>\n\n\n\n<p>En su&nbsp;necedad, llevaron a los \u201calebrijes\u201d&nbsp;a&nbsp;presumir a&nbsp;Nueva York y&nbsp;al mundo, figuras gigantes&nbsp;con decorados ajenos a la cultura zapoteca,&nbsp;con las que todos se&nbsp;quer\u00edan tomar&nbsp;la foto. Pero no eran alebrijes.<\/p>\n\n\n\n<p>Desde la misma fecha en que se hizo del conocimiento p\u00fablico esta&nbsp;supuesta&nbsp;\u201cprotecci\u00f3n\u201d, en este espacio levantamos la voz pues conociendo la cultura, las costumbres y las tradiciones locales, sab\u00edamos que la obtenci\u00f3n de esa denominaci\u00f3n era un plagio cultural porque los alebrijes no son aut\u00e9nticos de Oaxaca. Lo escribimos, pero la arrogancia de los poderosos los hizo ignorar las voces que les hac\u00edan&nbsp;ver su error.<\/p>\n\n\n\n<p>Apenas el 10 de enero pasado, el IMPI&nbsp;emiti\u00f3 un oficio en que dej\u00f3 sin efecto la indicaci\u00f3n geogr\u00e1fica anterior y,&nbsp;a partir de ahora, en Oaxaca&nbsp;solo&nbsp;se producen tallas de madera, tonas y nahuales, pero no alebrijes pues \u00e9stos seguir\u00e1n siendo propiedad \u00fanica de la familia de su inventor, Pedro Linares.<\/p>\n\n\n\n<p>Ya desde 2019 la Secretar\u00eda de Cultura&nbsp;de la Ciudad de M\u00e9xico&nbsp;les&nbsp;hab\u00eda otorgado la denominaci\u00f3n de Patrimonio Cultural, en espec\u00edfico, de la Alcald\u00eda Venustiano Carranza.&nbsp;La UNAM, por su parte, tiene varias publicaciones anteriores a 2020 en que avala que los alebrijes fueron inventados por el se\u00f1or&nbsp;Linares.<\/p>\n\n\n\n<p>El Diario Oficial de la Federaci\u00f3n, DOF, de fecha 16 de febrero de 2022 hace la publicaci\u00f3n de la declaraci\u00f3n de protecci\u00f3n de la&nbsp;\u201cIndicaci\u00f3n Geogr\u00e1fica Tallas de Madera: Tonas y Nahuales, Artesan\u00edas de los Valles Centrales de Oaxaca\u201d.&nbsp;Con&nbsp;este p\u00e1rrafo&nbsp;se&nbsp;dice todo&nbsp;al excluir&nbsp;a&nbsp;los alebrijes. El DOF&nbsp;va m\u00e1s all\u00e1&nbsp;y detalla las caracter\u00edsticas,&nbsp;decorados,&nbsp;componentes, formas de extracci\u00f3n y procesos de producci\u00f3n o elaboraci\u00f3n.<\/p>\n\n\n\n<p>El DOF menciona la obra del antrop\u00f3logo estadounidense Michael Chibnik para basar su decisi\u00f3n. Aqu\u00ed mismo hablamos de \u00e9l en noviembre de 2020. El antrop\u00f3logo afirm\u00f3&nbsp;que los alebrijes eran \u201cuna tradici\u00f3n inventada\u201d, una clasificaci\u00f3n historiogr\u00e1fica que se da a tradiciones con apariencia de mucha antig\u00fcedad, pero que en realidad son recientes. Chibnik, en su trabajo de investigaci\u00f3n,&nbsp;menciona que las tallas oaxaque\u00f1as surgieron por la necesidad de los campesinos de Arrazola para obtener ingresos del turismo y mejorar su econom\u00eda, esto a partir de la segunda mitad de los a\u00f1os 70 del siglo pasado, m\u00e1s o menos 45 a\u00f1os atr\u00e1s.<\/p>\n\n\n\n<p>Complacido por haber obtenido justicia, Leonardo Linares, nieto de Pedro Linares, me concedi\u00f3 una larga entrevista v\u00eda internet. Una persona sencilla que sigue viviendo de la elaboraci\u00f3n de figuras en papel mach\u00e9, o cart\u00f3n, el oficio que aprendi\u00f3&nbsp;de su abuelo. Un hombre que vuelve a tener confianza en las instituciones, pues&nbsp;tem\u00eda que, ante las influencias de los pol\u00edticos y funcionarios oaxaque\u00f1os, respaldados por todo el poder del Estado, consumaran el plagio.<\/p>\n\n\n\n<p>Nunca se acercaron a la familia Linares, ni antes, ni durante el proceso administrativo ni ahora. No hay siquiera un \u201custed disculpe\u201d.&nbsp;Sin embargo, a pesar de ello, don Leonardo no guarda rencor ni piensa en alguna contrademanda, son gente de trabajo que \u00fanicamente luchaban por proteger algo que les pertenece.<\/p>\n\n\n\n<p>Se enteraron del plagio por los medios gracias al mismo vuelo que dio el propio gobierno de Oaxaca al difundirlo a nivel nacional. No lo cre\u00edan puesto que, un par de a\u00f1os antes, en un conversatorio organizado por la Fundaci\u00f3n Harp Hel\u00fa aqu\u00ed en Oaxaca, se hab\u00eda llegado a un acuerdo de caballeros&nbsp;en&nbsp;que los locales producir\u00edan \u00fanicamente \u201ctallas, tonas y nahuales\u201d, pero no alebrijes. Les sorprendi\u00f3 que fuera la misma Secretar\u00eda de Econom\u00eda estatal la&nbsp;encargada de cometer el plagio.<\/p>\n\n\n\n<p>Tuvieron que contratar a un despacho especializado en la materia de propiedad industrial para defender su herencia. El gobierno del estado emple\u00f3 los recursos del erario de los que dispone. Fue un enfrentamiento dispar.<\/p>\n\n\n\n<p>Queda claro que desde el gobierno ni escuchan ni leen, que quienes manejan asuntos culturales carecen de los conocimientos necesarios, que&nbsp;vergonzosamente deber\u00e1n reconocer, ahora,&nbsp;que no podr\u00e1n promover oficialmente a Oaxaca como la tierra de los alebrijes, que deber\u00e1n retirar de&nbsp;la informaci\u00f3n oficial, se\u00f1alizaci\u00f3n y discursos&nbsp;el uso de esa palabra, que la arrogancia con que se comportaron ha provocado un gran da\u00f1o.&nbsp;Se les dijo.<\/p>\n\n\n\n<p>Es inmoral gritar cuando el plagio se comete contra Oaxaca, pero callar cuando el plagio es desde aqu\u00ed.<\/p>\n\n\n\n<p>Con estos antecedentes&nbsp;inmorales, hay que revisar lo que se ha hecho con el mezcal&nbsp;y la corrupci\u00f3n&nbsp;y lo que se est\u00e1 haciendo con el Centro Gastron\u00f3mico.<\/p>\n\n\n\n<p>Twitter @nestoryuri<\/p>\n","protected":false},"excerpt":{"rendered":"<p>N\u00e9stor Y. S\u00e1nchez Islas Apenas en&nbsp;octubre de 2020, el gobierno de Oaxaca echaba las campanas&hellip;<\/p>\n","protected":false},"author":2,"featured_media":38755,"comment_status":"closed","ping_status":"open","sticky":false,"template":"","format":"standard","meta":{"_lmt_disableupdate":"","_lmt_disable":"","_jetpack_memberships_contains_paid_content":false,"footnotes":""},"categories":[456,109],"tags":[3050],"class_list":["post-38754","post","type-post","status-publish","format-standard","has-post-thumbnail","hentry","category-columna","category-minuto-a-minuto","tag-nestor-yuri-sanchez"],"jetpack_featured_media_url":"https:\/\/zonaroja.com.mx\/wp-content\/uploads\/2022\/03\/Alebrijes.jpeg","jetpack_sharing_enabled":true,"_links":{"self":[{"href":"https:\/\/zonaroja.com.mx\/index.php?rest_route=\/wp\/v2\/posts\/38754","targetHints":{"allow":["GET"]}}],"collection":[{"href":"https:\/\/zonaroja.com.mx\/index.php?rest_route=\/wp\/v2\/posts"}],"about":[{"href":"https:\/\/zonaroja.com.mx\/index.php?rest_route=\/wp\/v2\/types\/post"}],"author":[{"embeddable":true,"href":"https:\/\/zonaroja.com.mx\/index.php?rest_route=\/wp\/v2\/users\/2"}],"replies":[{"embeddable":true,"href":"https:\/\/zonaroja.com.mx\/index.php?rest_route=%2Fwp%2Fv2%2Fcomments&post=38754"}],"version-history":[{"count":1,"href":"https:\/\/zonaroja.com.mx\/index.php?rest_route=\/wp\/v2\/posts\/38754\/revisions"}],"predecessor-version":[{"id":38756,"href":"https:\/\/zonaroja.com.mx\/index.php?rest_route=\/wp\/v2\/posts\/38754\/revisions\/38756"}],"wp:featuredmedia":[{"embeddable":true,"href":"https:\/\/zonaroja.com.mx\/index.php?rest_route=\/wp\/v2\/media\/38755"}],"wp:attachment":[{"href":"https:\/\/zonaroja.com.mx\/index.php?rest_route=%2Fwp%2Fv2%2Fmedia&parent=38754"}],"wp:term":[{"taxonomy":"category","embeddable":true,"href":"https:\/\/zonaroja.com.mx\/index.php?rest_route=%2Fwp%2Fv2%2Fcategories&post=38754"},{"taxonomy":"post_tag","embeddable":true,"href":"https:\/\/zonaroja.com.mx\/index.php?rest_route=%2Fwp%2Fv2%2Ftags&post=38754"}],"curies":[{"name":"wp","href":"https:\/\/api.w.org\/{rel}","templated":true}]}}