{"id":38757,"date":"2022-03-14T22:22:27","date_gmt":"2022-03-15T04:22:27","guid":{"rendered":"http:\/\/www.zonaroja.com.mx\/?p=38757"},"modified":"2022-03-14T22:22:29","modified_gmt":"2022-03-15T04:22:29","slug":"educacion-la-mejor-forma-de-cambiar-al-mundo-rector-bautista","status":"publish","type":"post","link":"https:\/\/zonaroja.com.mx\/?p=38757","title":{"rendered":"Educaci\u00f3n, la mejor forma de cambiar al mundo: rector Bautista"},"content":{"rendered":"\n<p>Redacci\u00f3n\/Zona Roja.<\/p>\n\n\n\n<p>Oaxaca de Ju\u00e1rez,&nbsp;Oax., 14 de marzo de 2022.-&nbsp;\u201cDesde el \u00e1mbito educativo,&nbsp;generamos procesos de transformaci\u00f3n a escala global, con la plena&nbsp;confianza&nbsp;de que es a trav\u00e9s de la educaci\u00f3n&nbsp;la mejor forma en que podemos cambiar al&nbsp;mundo\u201d, se\u00f1al\u00f3 el rector de la Universidad Aut\u00f3noma \u201cBenito Ju\u00e1rez\u201d de Oaxaca, Eduardo Bautista Mart\u00ednez.&nbsp;<\/p>\n\n\n\n<p>Lo anterior, durante la ceremonia de graduaci\u00f3n de la generaci\u00f3n 2020-2022 de la Maestr\u00eda en Educaci\u00f3n, con \u00e9nfasis en Formaci\u00f3n Docente, ofertada por el Instituto de Ciencias de la Educaci\u00f3n (ICE).<\/p>\n\n\n\n<p>Acompa\u00f1ado por la&nbsp;Investigadora, Mar\u00eda Leticia Brise\u00f1o&nbsp;Maas&nbsp;y autoridades acad\u00e9micas, agreg\u00f3 que&nbsp;es a partir de las y los actores&nbsp;educativos&nbsp;individuales y colectivos como se da la participaci\u00f3n en los procesos formativos, pues&nbsp;son&nbsp;ellos&nbsp;quienes&nbsp;impulsan la multiplicidad de acciones&nbsp;desde una visi\u00f3n cr\u00edtica y human\u00edstica.&nbsp;<\/p>\n\n\n\n<p>\u201cEs en este contexto estamos alentando el regreso progresivo, gradual y seguro a las actividades acad\u00e9micas y administrativas de manera presencial&nbsp;en esta Casa de Estudios, para continuar cumpliendo a cabalidad con nuestra tarea sustancial que es brindar educaci\u00f3n de calidad\u201d, afirm\u00f3.&nbsp;<\/p>\n\n\n\n<p>Por su parte,&nbsp;el&nbsp;director del&nbsp;ICE, H\u00e9ctor Aguilar&nbsp;Aguilar, expres\u00f3&nbsp;que&nbsp;estudiar&nbsp;un posgrado en M\u00e9xico es un privilegio,&nbsp;\u201cpertenecemos a una selecta minor\u00eda&nbsp;que puede culminar&nbsp;una Maestr\u00eda,&nbsp;y&nbsp;por lo tanto&nbsp;tenemos la obligaci\u00f3n trabajar en la transformaci\u00f3n&nbsp;educativa\u201d, subray\u00f3.<\/p>\n\n\n\n<p>\u201cEstoy cierto que ahora poseemos m\u00e1s herramientas&nbsp;y&nbsp;elementos para cuestionar el orden y m\u00e1s horizonte&nbsp;en donde&nbsp;movernos, estamos llamados&nbsp;a&nbsp;hacer justicia a las personas que desean estudiar el posgrado y&nbsp;no ha podido\u201d, puntualiz\u00f3.<\/p>\n\n\n\n<p>As\u00ed mismo, celebr\u00f3 que el&nbsp;ICE ha cumplido&nbsp;22 a\u00f1os&nbsp;de trabajo&nbsp;enfocado a&nbsp;su objetivo principal:&nbsp;formar para transformar&nbsp;y se enorgullece&nbsp;por la&nbsp;vocaci\u00f3n de&nbsp;quienes egresan.<\/p>\n\n\n\n<p>Durante la&nbsp;ceremonia, Patricia Araceli Cruz Allende,&nbsp;egresada de la Maestr\u00eda,&nbsp;habl\u00f3 en nombre de la generaci\u00f3n y agradeci\u00f3 la oportunidad de poder formar parte de esta comunidad universitaria y felicit\u00f3 el esfuerzo de sus compa\u00f1eras y compa\u00f1eros.<\/p>\n\n\n\n<p>&nbsp;A este acto asisti\u00f3 tambi\u00e9n,&nbsp;la&nbsp;Coordinadora General, Ana&nbsp;Karent&nbsp;Alem\u00e1n&nbsp;Torres,&nbsp;el&nbsp;Coordinador del Doctorado, Tomas Jorge Camilo;&nbsp;la&nbsp;Coordinadora Acad\u00e9mica de Maestr\u00edas, Laura Lucero Tejada&nbsp;Leyva, as\u00ed como personal docente y administrativo, quienes felicitaron a esta nueva generaci\u00f3n de especialistas.<\/p>\n","protected":false},"excerpt":{"rendered":"<p>Redacci\u00f3n\/Zona Roja. Oaxaca de Ju\u00e1rez,&nbsp;Oax., 14 de marzo de 2022.-&nbsp;\u201cDesde el \u00e1mbito educativo,&nbsp;generamos procesos de&hellip;<\/p>\n","protected":false},"author":2,"featured_media":38758,"comment_status":"closed","ping_status":"open","sticky":false,"template":"","format":"standard","meta":{"_lmt_disableupdate":"","_lmt_disable":"","_jetpack_memberships_contains_paid_content":false,"footnotes":""},"categories":[109,46],"tags":[239],"class_list":["post-38757","post","type-post","status-publish","format-standard","has-post-thumbnail","hentry","category-minuto-a-minuto","category-zona-blanca","tag-uabjo"],"jetpack_featured_media_url":"https:\/\/zonaroja.com.mx\/wp-content\/uploads\/2022\/03\/Rector-UABJO-Eduardo-Bautista-egresados.jpg","jetpack_sharing_enabled":true,"_links":{"self":[{"href":"https:\/\/zonaroja.com.mx\/index.php?rest_route=\/wp\/v2\/posts\/38757","targetHints":{"allow":["GET"]}}],"collection":[{"href":"https:\/\/zonaroja.com.mx\/index.php?rest_route=\/wp\/v2\/posts"}],"about":[{"href":"https:\/\/zonaroja.com.mx\/index.php?rest_route=\/wp\/v2\/types\/post"}],"author":[{"embeddable":true,"href":"https:\/\/zonaroja.com.mx\/index.php?rest_route=\/wp\/v2\/users\/2"}],"replies":[{"embeddable":true,"href":"https:\/\/zonaroja.com.mx\/index.php?rest_route=%2Fwp%2Fv2%2Fcomments&post=38757"}],"version-history":[{"count":1,"href":"https:\/\/zonaroja.com.mx\/index.php?rest_route=\/wp\/v2\/posts\/38757\/revisions"}],"predecessor-version":[{"id":38759,"href":"https:\/\/zonaroja.com.mx\/index.php?rest_route=\/wp\/v2\/posts\/38757\/revisions\/38759"}],"wp:featuredmedia":[{"embeddable":true,"href":"https:\/\/zonaroja.com.mx\/index.php?rest_route=\/wp\/v2\/media\/38758"}],"wp:attachment":[{"href":"https:\/\/zonaroja.com.mx\/index.php?rest_route=%2Fwp%2Fv2%2Fmedia&parent=38757"}],"wp:term":[{"taxonomy":"category","embeddable":true,"href":"https:\/\/zonaroja.com.mx\/index.php?rest_route=%2Fwp%2Fv2%2Fcategories&post=38757"},{"taxonomy":"post_tag","embeddable":true,"href":"https:\/\/zonaroja.com.mx\/index.php?rest_route=%2Fwp%2Fv2%2Ftags&post=38757"}],"curies":[{"name":"wp","href":"https:\/\/api.w.org\/{rel}","templated":true}]}}