{"id":3876,"date":"2019-09-11T21:01:33","date_gmt":"2019-09-12T02:01:33","guid":{"rendered":"http:\/\/www.zonaroja.com.mx\/?p=3876"},"modified":"2019-09-11T21:01:36","modified_gmt":"2019-09-12T02:01:36","slug":"seran-necesarios-20-anos-y-mucho-esfuerzo-para-la-reconstruccion-en-oaxaca","status":"publish","type":"post","link":"https:\/\/zonaroja.com.mx\/?p=3876","title":{"rendered":"Ser\u00e1n necesarios 20 a\u00f1os y mucho esfuerzo para la reconstrucci\u00f3n en Oaxaca"},"content":{"rendered":"\n<p>Redacci\u00f3n\/Zona\nRoja.<\/p>\n\n\n\n<p>Oaxaca de\nJu\u00e1rez, Oax., 11 de septiembre de 2019.- Isabel Gra\u00f1en Porr\u00faa, presidenta de la\nFundaci\u00f3n Alfredo Harp Hel\u00fa, dio a conocer hoy el informe de apoyos realizados\npor la instituci\u00f3n en las regiones del Istmo, Mixteca y Costa principalmente, a\ndos a\u00f1os de los sismos que afectaron el centro y sureste de M\u00e9xico. <\/p>\n\n\n\n<p>De acuerdo\ncon la fil\u00e1ntropa y promotora cultural, la fundaci\u00f3n ha dispuesto de 700\nmillones de pesos para los diversos trabajos de atenci\u00f3n de emergencia y\nreconstrucci\u00f3n que realiza tras los eventos registrados en septiembre del 2017\ny que dejaron miles de familias damnificadas en el pa\u00eds. <\/p>\n\n\n\n<p>\u201cA dos a\u00f1os\nde los sismos, el total del recurso que se ha ejercido es de 96 millones de\npesos, pese a que ya se han aprobado 187; sin embargo, el trabajo ha sido arduo\ny seguir\u00e1 siendo porque tenemos claro que el proceso de reconstrucci\u00f3n ser\u00e1 muy\nlargo\u201d, dijo. <\/p>\n\n\n\n<p>Explic\u00f3 que\nTezoatl\u00e1n, Huajuapan de Le\u00f3n, Mariscala de Ju\u00e1rez, Santiago Zacatepec y Santo\nDomingo Tehuantepec fueron algunos de los municipios que se vieron beneficiados\ncon el recurso, mismo que se utiliz\u00f3 en la construcci\u00f3n de 109 viviendas, as\u00ed\ncomo la rehabilitaci\u00f3n de espacios deportivos y para la atenci\u00f3n de personas\ncon discapacidad. <\/p>\n\n\n\n<p>Menci\u00f3n\nimportante tambi\u00e9n merecen los trabajos de restauraci\u00f3n, rehabilitaci\u00f3n y\nreconstrucci\u00f3n en recintos hist\u00f3ricos como son: el ex convento, templo y\nobispado de Santo Domingo Tehuantepec, el templo y casa parroquial de San\nVicente Ferrer de Juchit\u00e1n de Zaragoza, el Museo Regional de Huajuapan de Le\u00f3n,\nas\u00ed como la casa parroquial en Mariscala de Ju\u00e1rez.<\/p>\n\n\n\n<p>\u201cEs un\nproceso muy lento, nosotros pensamos que vamos a estar trabajando unos 20 a\u00f1os\nen esta tarea, es algo que tambi\u00e9n los gobiernos tienen que entender, nosotros\nno queremos salir del paso, ni nos interesa figurar en los informes, lo que\nqueremos es seguir abonando como lo hacemos hasta ahora\u201d, sentenci\u00f3.<\/p>\n\n\n\n<p>Finalmente, detall\u00f3 que el uso del recurso de la fundaci\u00f3n, mucho del cual fue recaudado exclusivamente para este fin, se est\u00e1 haciendo con la mayor transparencia posible a fin de que se pueda ver que efectivamente se hizo trabajo en favor de quienes lo perdieron todo despu\u00e9s de los sismos.<\/p>\n\n\n\n<figure class=\"wp-block-embed-twitter wp-block-embed is-type-rich is-provider-twitter\"><div class=\"wp-block-embed__wrapper\">\n<div class=\"twitter-tweet\"><blockquote class=\"twitter-tweet\" data-lang=\"es\"><p lang=\"es\" dir=\"ltr\">\u201cVas a tener maestro Toledo por muchos a\u00f1os\u201d, dijo el artista pl\u00e1stico a <a href=\"https:\/\/twitter.com\/isabelgporrua?ref_src=twsrc%5Etfw\">@isabelgporrua<\/a> d\u00edas antes de su muerte; el mejor homenaje que le podemos dar es preservar su luz, su legado, coment\u00f3 este mi\u00e9rcoles la representante de la <a href=\"https:\/\/twitter.com\/FundacionAHHO?ref_src=twsrc%5Etfw\">@FundacionAHHO<\/a>. <a href=\"https:\/\/t.co\/r1onTwjbP9\">pic.twitter.com\/r1onTwjbP9<\/a><\/p>&mdash; Zona Roja Oaxaca (@MexRoja) <a href=\"https:\/\/twitter.com\/MexRoja\/status\/1171840064550256640?ref_src=twsrc%5Etfw\">11 de septiembre de 2019<\/a><\/blockquote><\/div>\n<\/div><\/figure>\n","protected":false},"excerpt":{"rendered":"<p>Redacci\u00f3n\/Zona Roja. Oaxaca de Ju\u00e1rez, Oax., 11 de septiembre de 2019.- Isabel Gra\u00f1en Porr\u00faa, presidenta&hellip;<\/p>\n","protected":false},"author":2,"featured_media":3877,"comment_status":"closed","ping_status":"open","sticky":false,"template":"","format":"standard","meta":{"_lmt_disableupdate":"","_lmt_disable":"","_jetpack_memberships_contains_paid_content":false,"footnotes":""},"categories":[109,46],"tags":[693,694],"class_list":["post-3876","post","type-post","status-publish","format-standard","has-post-thumbnail","hentry","category-minuto-a-minuto","category-zona-blanca","tag-fundacion-alfredo-harp-helu","tag-isabel-granen-porrua"],"jetpack_featured_media_url":"https:\/\/zonaroja.com.mx\/wp-content\/uploads\/2019\/09\/IMG_6809.jpg","jetpack_sharing_enabled":true,"_links":{"self":[{"href":"https:\/\/zonaroja.com.mx\/index.php?rest_route=\/wp\/v2\/posts\/3876","targetHints":{"allow":["GET"]}}],"collection":[{"href":"https:\/\/zonaroja.com.mx\/index.php?rest_route=\/wp\/v2\/posts"}],"about":[{"href":"https:\/\/zonaroja.com.mx\/index.php?rest_route=\/wp\/v2\/types\/post"}],"author":[{"embeddable":true,"href":"https:\/\/zonaroja.com.mx\/index.php?rest_route=\/wp\/v2\/users\/2"}],"replies":[{"embeddable":true,"href":"https:\/\/zonaroja.com.mx\/index.php?rest_route=%2Fwp%2Fv2%2Fcomments&post=3876"}],"version-history":[{"count":1,"href":"https:\/\/zonaroja.com.mx\/index.php?rest_route=\/wp\/v2\/posts\/3876\/revisions"}],"predecessor-version":[{"id":3878,"href":"https:\/\/zonaroja.com.mx\/index.php?rest_route=\/wp\/v2\/posts\/3876\/revisions\/3878"}],"wp:featuredmedia":[{"embeddable":true,"href":"https:\/\/zonaroja.com.mx\/index.php?rest_route=\/wp\/v2\/media\/3877"}],"wp:attachment":[{"href":"https:\/\/zonaroja.com.mx\/index.php?rest_route=%2Fwp%2Fv2%2Fmedia&parent=3876"}],"wp:term":[{"taxonomy":"category","embeddable":true,"href":"https:\/\/zonaroja.com.mx\/index.php?rest_route=%2Fwp%2Fv2%2Fcategories&post=3876"},{"taxonomy":"post_tag","embeddable":true,"href":"https:\/\/zonaroja.com.mx\/index.php?rest_route=%2Fwp%2Fv2%2Ftags&post=3876"}],"curies":[{"name":"wp","href":"https:\/\/api.w.org\/{rel}","templated":true}]}}