{"id":38776,"date":"2022-03-15T06:40:40","date_gmt":"2022-03-15T12:40:40","guid":{"rendered":"http:\/\/www.zonaroja.com.mx\/?p=38776"},"modified":"2022-03-15T06:40:41","modified_gmt":"2022-03-15T12:40:41","slug":"mejora-poder-judicial-servicios-de-administracion-de-justicia-en-ocotlan","status":"publish","type":"post","link":"https:\/\/zonaroja.com.mx\/?p=38776","title":{"rendered":"Mejora Poder Judicial servicios de administraci\u00f3n de justicia en Ocotl\u00e1n"},"content":{"rendered":"\n<p>Redacci\u00f3n\/Zona Roja.&nbsp;<\/p>\n\n\n\n<p>Oaxaca de Ju\u00e1rez, Oax., 15 de marzo de 2022.- A fin de establecer v\u00ednculos y lazos de car\u00e1cter institucional, el titular del Poder Judicial del Estado&nbsp;suscribi\u00f3 un Convenio de Colaboraci\u00f3n con el&nbsp;Presidente Municipal&nbsp;de Ocotl\u00e1n de Morelos, a trav\u00e9s del cual&nbsp;suman esfuerzos encaminados a&nbsp;mejorar los servicios de administraci\u00f3n de justicia en&nbsp;esa localidad de los Valles Centrales.&nbsp;<\/p>\n\n\n\n<p>En el marco de una visita que el presidente del Tribunal Superior de Justicia y del Consejo de la Judicatura realiz\u00f3 al&nbsp;edil e integrantes de su cabildo en el palacio municipal, intercambiaron puntos de vista respecto&nbsp;al funcionamiento,&nbsp;operatividad y requerimientos&nbsp;de los juzgados en distintas materias que funcionan en esta zona,&nbsp;para&nbsp;mejorar los servicios hacia&nbsp;la ciudadan\u00eda.<\/p>\n\n\n\n<p>El Magistrado Presidente se\u00f1al\u00f3 que la Escuela Judicial&nbsp;tiene&nbsp;un papel muy importante en materia de capacitaci\u00f3n&nbsp;y mantiene estrecha relaci\u00f3n con las autoridades municipales&nbsp;de toda la entidad con el objetivo de brindar acompa\u00f1amiento en&nbsp;los procesos de justicia comunitaria de los pueblos y localidades ind\u00edgenas en Oaxaca.<\/p>\n\n\n\n<p>Asimismo, reiter\u00f3 la apertura de su administraci\u00f3n para escuchar y dar respuesta en la medida de sus competencias y atribuciones a los planteamientos que en lo que corresponde a los servicios de administraci\u00f3n de justicia le hagan los ayuntamientos.&nbsp;<\/p>\n\n\n\n<p>En la construcci\u00f3n de un sistema de justicia pluralista, el Poder Judicial del Estado de Oaxaca&nbsp;elabor\u00f3&nbsp;el Protocolo para la armonizaci\u00f3n y la coordinaci\u00f3n entre las jurisdicciones estatal e ind\u00edgena-afromexicana, resultado de un esfuerzo conjunto entre la Sala de Justicia Ind\u00edgena y la Comisi\u00f3n de Pluralismo Jur\u00eddico, con el Instituto Nacional de los Pueblos Ind\u00edgenas (INPI) y el Programa Pluralismo Jur\u00eddico y Eficacia de Derechos del Centro de Investigaciones y Estudios Superiores en Antropolog\u00eda Social (Plural-Ciesas-Ps).<\/p>\n\n\n\n<p>Con ello, se cuenta con&nbsp;una herramienta que de manera respetuosa de la autonom\u00eda e independencia judicial auxilie a las y los juzgadores en la tarea de impartir justicia a las personas integrantes de los pueblos ind\u00edgenas adecu\u00e1ndose a los m\u00e1s altos est\u00e1ndares nacionales e internacionales, como lo marca el art\u00edculo primero constitucional.<\/p>\n","protected":false},"excerpt":{"rendered":"<p>Redacci\u00f3n\/Zona Roja.&nbsp; Oaxaca de Ju\u00e1rez, Oax., 15 de marzo de 2022.- A fin de establecer&hellip;<\/p>\n","protected":false},"author":2,"featured_media":38763,"comment_status":"closed","ping_status":"open","sticky":false,"template":"","format":"standard","meta":{"_lmt_disableupdate":"","_lmt_disable":"","_jetpack_memberships_contains_paid_content":false,"footnotes":""},"categories":[109,46],"tags":[223],"class_list":["post-38776","post","type-post","status-publish","format-standard","has-post-thumbnail","hentry","category-minuto-a-minuto","category-zona-blanca","tag-poder-judicial-de-oaxaca"],"jetpack_featured_media_url":"https:\/\/zonaroja.com.mx\/wp-content\/uploads\/2022\/03\/Tribunal-Superior-de-Justicia-convenio-Ocotlan.jpg","jetpack_sharing_enabled":true,"_links":{"self":[{"href":"https:\/\/zonaroja.com.mx\/index.php?rest_route=\/wp\/v2\/posts\/38776","targetHints":{"allow":["GET"]}}],"collection":[{"href":"https:\/\/zonaroja.com.mx\/index.php?rest_route=\/wp\/v2\/posts"}],"about":[{"href":"https:\/\/zonaroja.com.mx\/index.php?rest_route=\/wp\/v2\/types\/post"}],"author":[{"embeddable":true,"href":"https:\/\/zonaroja.com.mx\/index.php?rest_route=\/wp\/v2\/users\/2"}],"replies":[{"embeddable":true,"href":"https:\/\/zonaroja.com.mx\/index.php?rest_route=%2Fwp%2Fv2%2Fcomments&post=38776"}],"version-history":[{"count":1,"href":"https:\/\/zonaroja.com.mx\/index.php?rest_route=\/wp\/v2\/posts\/38776\/revisions"}],"predecessor-version":[{"id":38777,"href":"https:\/\/zonaroja.com.mx\/index.php?rest_route=\/wp\/v2\/posts\/38776\/revisions\/38777"}],"wp:featuredmedia":[{"embeddable":true,"href":"https:\/\/zonaroja.com.mx\/index.php?rest_route=\/wp\/v2\/media\/38763"}],"wp:attachment":[{"href":"https:\/\/zonaroja.com.mx\/index.php?rest_route=%2Fwp%2Fv2%2Fmedia&parent=38776"}],"wp:term":[{"taxonomy":"category","embeddable":true,"href":"https:\/\/zonaroja.com.mx\/index.php?rest_route=%2Fwp%2Fv2%2Fcategories&post=38776"},{"taxonomy":"post_tag","embeddable":true,"href":"https:\/\/zonaroja.com.mx\/index.php?rest_route=%2Fwp%2Fv2%2Ftags&post=38776"}],"curies":[{"name":"wp","href":"https:\/\/api.w.org\/{rel}","templated":true}]}}