{"id":38778,"date":"2022-03-15T07:39:55","date_gmt":"2022-03-15T13:39:55","guid":{"rendered":"http:\/\/www.zonaroja.com.mx\/?p=38778"},"modified":"2022-03-15T07:39:56","modified_gmt":"2022-03-15T13:39:56","slug":"buscan-siete-aspirantes-la-gubernatura-de-oaxaca-solo-dos-son-mujeres","status":"publish","type":"post","link":"https:\/\/zonaroja.com.mx\/?p=38778","title":{"rendered":"Buscan siete aspirantes la gubernatura de Oaxaca; s\u00f3lo dos son mujeres"},"content":{"rendered":"\n<p>Ismael Garc\u00eda M.\/Zona Roja.<\/p>\n\n\n\n<p>Oaxaca de Ju\u00e1rez, Oax., 15 de marzo de 2022.- A unas horas del cierre de registros, s\u00f3lo dos mujeres, as\u00ed como cinco varones buscan la titularidad del Poder Ejecutivo de Oaxaca, en los comicios que se efectuar\u00e1n el 5 de junio pr\u00f3ximo.<\/p>\n\n\n\n<p>El pasado s\u00e1bado 12 de junio, el Partido Acci\u00f3n Nacional (PAN) registr\u00f3 ante el Instituto Estatal Electoral y de Participaci\u00f3n Ciudadana (IEEPCO) a Natividad D\u00edaz Jim\u00e9nez, como su candidata a la gubernatura.<\/p>\n\n\n\n<p>La actual diputada local y dirigente estatal del partido, as\u00ed como ex legisladora federal, estuvo acompa\u00f1ada por el presidente panista, Marko Cort\u00e9s.<\/p>\n\n\n\n<p>El domingo, el Partido Movimiento Ciudadano inscribi\u00f3 a Alejandra Garc\u00eda Morlan como su candidata a la gubernatura; a la ex panista le acompa\u00f1\u00f3 el dirigente nacional Dante Delgado.<\/p>\n\n\n\n<p>De los varones, el domingo 13, acompa\u00f1ado del gobernador Alejandro Murat y el el presidente del PRI, fue inscrito el diputado local Alejandro Avil\u00e9s \u00c1lvarez como aspirante a la gubernatura.<\/p>\n\n\n\n<p>La v\u00edspera, el Partido Nueva Alianza registr\u00f3 a su ex dirigente estatal, Bersah\u00edn L\u00f3pez L\u00f3pez.<\/p>\n\n\n\n<p>El d\u00eda s\u00e1bado lo hizo como candidato ind\u00edgena, el perredista y ex legislador local Jes\u00fas L\u00f3pez Rodr\u00edguez; el 9 de marzo lo hizo tambi\u00e9n bajo el mismo esquema, Mauricio Cruz Vargas.<\/p>\n\n\n\n<p>El 5 de marzo, y acompa\u00f1ado por el dirigente nacional Mario Delgado, acudi\u00f3 Salom\u00f3n Jara Cruz a su registro, arropado por Morena, el Partido del Trabajo, el Partido Verde Ecologista de M\u00e9xico y el Partido Unidad Popular.<\/p>\n\n\n\n<p>El \u00fanico que no ha presentado solicitud de registro es el Partido de la Revoluci\u00f3n Democr\u00e1tica, que al momento no ha solicitado cita ante el IEEPCO y se prev\u00e9 que se sume al PRI y dem\u00e1s partidos, en candidatura com\u00fan.<\/p>\n","protected":false},"excerpt":{"rendered":"<p>Ismael Garc\u00eda M.\/Zona Roja. Oaxaca de Ju\u00e1rez, Oax., 15 de marzo de 2022.- A unas&hellip;<\/p>\n","protected":false},"author":2,"featured_media":38779,"comment_status":"closed","ping_status":"open","sticky":false,"template":"","format":"standard","meta":{"_lmt_disableupdate":"","_lmt_disable":"","_jetpack_memberships_contains_paid_content":false,"footnotes":""},"categories":[109,46],"tags":[2879],"class_list":["post-38778","post","type-post","status-publish","format-standard","has-post-thumbnail","hentry","category-minuto-a-minuto","category-zona-blanca","tag-elecciones-oaxaca-2022"],"jetpack_featured_media_url":"https:\/\/zonaroja.com.mx\/wp-content\/uploads\/2022\/03\/Registros-candidatos-gubernatura-IEEPCO.jpeg","jetpack_sharing_enabled":true,"_links":{"self":[{"href":"https:\/\/zonaroja.com.mx\/index.php?rest_route=\/wp\/v2\/posts\/38778","targetHints":{"allow":["GET"]}}],"collection":[{"href":"https:\/\/zonaroja.com.mx\/index.php?rest_route=\/wp\/v2\/posts"}],"about":[{"href":"https:\/\/zonaroja.com.mx\/index.php?rest_route=\/wp\/v2\/types\/post"}],"author":[{"embeddable":true,"href":"https:\/\/zonaroja.com.mx\/index.php?rest_route=\/wp\/v2\/users\/2"}],"replies":[{"embeddable":true,"href":"https:\/\/zonaroja.com.mx\/index.php?rest_route=%2Fwp%2Fv2%2Fcomments&post=38778"}],"version-history":[{"count":1,"href":"https:\/\/zonaroja.com.mx\/index.php?rest_route=\/wp\/v2\/posts\/38778\/revisions"}],"predecessor-version":[{"id":38780,"href":"https:\/\/zonaroja.com.mx\/index.php?rest_route=\/wp\/v2\/posts\/38778\/revisions\/38780"}],"wp:featuredmedia":[{"embeddable":true,"href":"https:\/\/zonaroja.com.mx\/index.php?rest_route=\/wp\/v2\/media\/38779"}],"wp:attachment":[{"href":"https:\/\/zonaroja.com.mx\/index.php?rest_route=%2Fwp%2Fv2%2Fmedia&parent=38778"}],"wp:term":[{"taxonomy":"category","embeddable":true,"href":"https:\/\/zonaroja.com.mx\/index.php?rest_route=%2Fwp%2Fv2%2Fcategories&post=38778"},{"taxonomy":"post_tag","embeddable":true,"href":"https:\/\/zonaroja.com.mx\/index.php?rest_route=%2Fwp%2Fv2%2Ftags&post=38778"}],"curies":[{"name":"wp","href":"https:\/\/api.w.org\/{rel}","templated":true}]}}