{"id":38783,"date":"2022-03-15T07:57:07","date_gmt":"2022-03-15T13:57:07","guid":{"rendered":"http:\/\/www.zonaroja.com.mx\/?p=38783"},"modified":"2022-03-15T07:57:09","modified_gmt":"2022-03-15T13:57:09","slug":"matan-a-un-individuo-en-colotepec-y-a-otro-en-ejutla-oaxaca","status":"publish","type":"post","link":"https:\/\/zonaroja.com.mx\/?p=38783","title":{"rendered":"Matan a un individuo en Colotepec y a otro en Ejutla, Oaxaca"},"content":{"rendered":"\n<p>Redacci\u00f3n\/Zona Roja.<\/p>\n\n\n\n<p>Oaxaca de Ju\u00e1rez, Oax., 15 de marzo de 2022.- Dos personas fueron asesinadas a balazos en las \u00faltimas 24 horas, en las regiones Costa y Valles Centrales de Oaxaca.<\/p>\n\n\n\n<p>Anoche, en Santa Maria Colotepec, l\u00edmite con San Pedro Mixtepec, fue ultimado a balazos un comerciante , identificado \u00fanicamente con las iniciales D. V.<\/p>\n\n\n\n<p>Sujetos armados le dispararon en el camino a la colonia Libertad de la agencia La Uni\u00f3n, mientras se trasladaba en una unidad de motor, tras lo cual huyeron.<\/p>\n\n\n\n<p>Por otra parte, el pasado domingo por la noche, fue atacada a balazos una persona del sexo masculino, cuando regresaba a su casa a bordo de su veh\u00edculo, en el barrio Soritana, en Ejutla de Crespo, municipio de la regi\u00f3n Valles Centrales.<\/p>\n\n\n\n<p>Fue llevado al centro de salud pero al llegar ya hab\u00eda perdido la vida, debido a la gravedad de sus heridas; sus familiares confirmaron que en vida llev\u00f3 el nombre de Alejandro J. J., de 61 a\u00f1os de edad. <\/p>\n\n\n\n<p>En ambos casos hasta el momento no hay personas detenidas.<\/p>\n","protected":false},"excerpt":{"rendered":"<p>Redacci\u00f3n\/Zona Roja. Oaxaca de Ju\u00e1rez, Oax., 15 de marzo de 2022.- Dos personas fueron asesinadas&hellip;<\/p>\n","protected":false},"author":2,"featured_media":8063,"comment_status":"closed","ping_status":"open","sticky":false,"template":"","format":"standard","meta":{"_lmt_disableupdate":"","_lmt_disable":"","_jetpack_memberships_contains_paid_content":false,"footnotes":""},"categories":[109,51],"tags":[980],"class_list":["post-38783","post","type-post","status-publish","format-standard","has-post-thumbnail","hentry","category-minuto-a-minuto","category-zona-roja","tag-santa-maria-colotepec"],"jetpack_featured_media_url":"https:\/\/zonaroja.com.mx\/wp-content\/uploads\/2020\/01\/crimen-balazos.jpg","jetpack_sharing_enabled":true,"_links":{"self":[{"href":"https:\/\/zonaroja.com.mx\/index.php?rest_route=\/wp\/v2\/posts\/38783","targetHints":{"allow":["GET"]}}],"collection":[{"href":"https:\/\/zonaroja.com.mx\/index.php?rest_route=\/wp\/v2\/posts"}],"about":[{"href":"https:\/\/zonaroja.com.mx\/index.php?rest_route=\/wp\/v2\/types\/post"}],"author":[{"embeddable":true,"href":"https:\/\/zonaroja.com.mx\/index.php?rest_route=\/wp\/v2\/users\/2"}],"replies":[{"embeddable":true,"href":"https:\/\/zonaroja.com.mx\/index.php?rest_route=%2Fwp%2Fv2%2Fcomments&post=38783"}],"version-history":[{"count":1,"href":"https:\/\/zonaroja.com.mx\/index.php?rest_route=\/wp\/v2\/posts\/38783\/revisions"}],"predecessor-version":[{"id":38784,"href":"https:\/\/zonaroja.com.mx\/index.php?rest_route=\/wp\/v2\/posts\/38783\/revisions\/38784"}],"wp:featuredmedia":[{"embeddable":true,"href":"https:\/\/zonaroja.com.mx\/index.php?rest_route=\/wp\/v2\/media\/8063"}],"wp:attachment":[{"href":"https:\/\/zonaroja.com.mx\/index.php?rest_route=%2Fwp%2Fv2%2Fmedia&parent=38783"}],"wp:term":[{"taxonomy":"category","embeddable":true,"href":"https:\/\/zonaroja.com.mx\/index.php?rest_route=%2Fwp%2Fv2%2Fcategories&post=38783"},{"taxonomy":"post_tag","embeddable":true,"href":"https:\/\/zonaroja.com.mx\/index.php?rest_route=%2Fwp%2Fv2%2Ftags&post=38783"}],"curies":[{"name":"wp","href":"https:\/\/api.w.org\/{rel}","templated":true}]}}