{"id":3879,"date":"2019-09-11T21:27:39","date_gmt":"2019-09-12T02:27:39","guid":{"rendered":"http:\/\/www.zonaroja.com.mx\/?p=3879"},"modified":"2019-09-11T21:57:04","modified_gmt":"2019-09-12T02:57:04","slug":"feminicidio-de-youtuber-oaxaquena-no-debe-quedar-impune-familiares-y-amigos","status":"publish","type":"post","link":"https:\/\/zonaroja.com.mx\/?p=3879","title":{"rendered":"Feminicidio de youtuber oaxaque\u00f1a no debe quedar impune: familiares y amigos"},"content":{"rendered":"\n<p>Evlin\nArag\u00f3n\/Zona Roja.<\/p>\n\n\n\n<p>Oaxaca de Ju\u00e1rez, Oax., 11 de septiembre de 2019.- Familiares, amigas y amigos de la youtuber oaxaque\u00f1a Mariela Said\u00ed M. H., mejor conocida como \u201cMarielita\u201d, se\u00f1alaron como responsable del feminicidio ocurrido el mes de mayo pasado, a Jos\u00e9 Domingo M.O., quien fuera pareja sentimental de la joven.<\/p>\n\n\n\n<p>As\u00ed lo\ndieron a conocer a trav\u00e9s de una publicaci\u00f3n en sus redes sociales, en donde\nexplicaron que por respeto a las investigaciones en curso no se hab\u00edan\npronunciado al respecto; sin embargo, las mismas indagatorias refieren de forma\nreciente que el responsable del crimen es el joven que fuera novio<\/p>\n\n\n\n<p>\u201cEl d\u00eda de\nhoy, en apoyo a la familia de \u2018Marielita\u2019 y con las investigaciones legales ya\nrealizadas, nos duele tener que comunicar que todo apunta a que nuestra amiga,\nMariela, fue asesinada por su novio, Jos\u00e9 Domingo M.O., en la ciudad de\nOaxaca\u201d, refiere el documento.<\/p>\n\n\n\n<p>Explicaron\nque actualmente el acusado ya se encuentra en calidad de detenido por su\nprobable responsabilidad en el delito de feminicidio agravado, llevando el\nrespectivo proceso legal para determinar si se le condena y por cu\u00e1ntos a\u00f1os.<\/p>\n\n\n\n<p>Por lo\nanterior exigieron a las autoridades no descuidar el caso y mantener el\ncorrecto curso del mismo, haciendo todo lo necesario, en el marco de la ley,\npara hacer justicia a Mariela. \u201cConfiamos en que impartir\u00e1n justicia de forma\nclara y contundente\u201d, se\u00f1alaron.<\/p>\n\n\n\n<p>As\u00ed mismo,\ncondenaron cualquier acto de violencia f\u00edsica y psicol\u00f3gica como los que Jos\u00e9\nDomingo ejerc\u00eda en contra de su pareja, a la par que lamentaron que una de sus\namigas sea parte de la ola de violencia de g\u00e9nero que se vive en Oaxaca y en el\npa\u00eds.<\/p>\n\n\n\n<p>\u201cNadie es\npropiedad de nadie, nadie tiene derechos sobre nadie. No est\u00e1s sola. Te\nqueremos viva. Te extra\u00f1amos\u201d, concluyeron.<\/p>\n\n\n\n<p>Por su parte,\nla Fiscal\u00eda General del Estado&nbsp; inform\u00f3\nque el pasado 5 de septiembre se ejecut\u00f3 la orden de aprehensi\u00f3n en contra de\nJos\u00e9 Domingo en el estado de Chiapas, se\u00f1alado como imputado del delito de\nfeminicidio agravado en contra de Mariela Said\u00ed.<\/p>\n\n\n\n<p>Fue el pasado 19 de mayo, que de acuerdo con los reportes de la Polic\u00eda Municipal de Oaxaca de Ju\u00e1rez, fue encontrado el cuerpo de la joven, al interior del cuarto del imputado, el cual yac\u00eda en una cama y cuya causa de muerte fue traumatismo profundo de cr\u00e1neo.<\/p>\n\n\n\n<p>De \u00faltima hora, se inform\u00f3 que el juez de la causa penal 642\/2019, determin\u00f3 este mi\u00e9rcoles vincular a proceso a Jos\u00e9 Domingo M. O., por el delito de feminicidio agravado de Mariela Said\u00ed M. H., y le impuso prisi\u00f3n preventiva oficiosa; determin\u00f3 tres meses para el cierre de la investigaci\u00f3n.<\/p>\n","protected":false},"excerpt":{"rendered":"<p>Evlin Arag\u00f3n\/Zona Roja. Oaxaca de Ju\u00e1rez, Oax., 11 de septiembre de 2019.- Familiares, amigas y&hellip;<\/p>\n","protected":false},"author":2,"featured_media":3880,"comment_status":"closed","ping_status":"open","sticky":false,"template":"","format":"standard","meta":{"_lmt_disableupdate":"","_lmt_disable":"","_jetpack_memberships_contains_paid_content":false,"footnotes":""},"categories":[109,51],"tags":[696],"class_list":["post-3879","post","type-post","status-publish","format-standard","has-post-thumbnail","hentry","category-minuto-a-minuto","category-zona-roja","tag-youtuber-marielita"],"jetpack_featured_media_url":"https:\/\/zonaroja.com.mx\/wp-content\/uploads\/2019\/09\/Mariela-Said\u00ed.jpg","jetpack_sharing_enabled":true,"_links":{"self":[{"href":"https:\/\/zonaroja.com.mx\/index.php?rest_route=\/wp\/v2\/posts\/3879","targetHints":{"allow":["GET"]}}],"collection":[{"href":"https:\/\/zonaroja.com.mx\/index.php?rest_route=\/wp\/v2\/posts"}],"about":[{"href":"https:\/\/zonaroja.com.mx\/index.php?rest_route=\/wp\/v2\/types\/post"}],"author":[{"embeddable":true,"href":"https:\/\/zonaroja.com.mx\/index.php?rest_route=\/wp\/v2\/users\/2"}],"replies":[{"embeddable":true,"href":"https:\/\/zonaroja.com.mx\/index.php?rest_route=%2Fwp%2Fv2%2Fcomments&post=3879"}],"version-history":[{"count":3,"href":"https:\/\/zonaroja.com.mx\/index.php?rest_route=\/wp\/v2\/posts\/3879\/revisions"}],"predecessor-version":[{"id":3884,"href":"https:\/\/zonaroja.com.mx\/index.php?rest_route=\/wp\/v2\/posts\/3879\/revisions\/3884"}],"wp:featuredmedia":[{"embeddable":true,"href":"https:\/\/zonaroja.com.mx\/index.php?rest_route=\/wp\/v2\/media\/3880"}],"wp:attachment":[{"href":"https:\/\/zonaroja.com.mx\/index.php?rest_route=%2Fwp%2Fv2%2Fmedia&parent=3879"}],"wp:term":[{"taxonomy":"category","embeddable":true,"href":"https:\/\/zonaroja.com.mx\/index.php?rest_route=%2Fwp%2Fv2%2Fcategories&post=3879"},{"taxonomy":"post_tag","embeddable":true,"href":"https:\/\/zonaroja.com.mx\/index.php?rest_route=%2Fwp%2Fv2%2Ftags&post=3879"}],"curies":[{"name":"wp","href":"https:\/\/api.w.org\/{rel}","templated":true}]}}