{"id":38794,"date":"2022-03-15T16:03:19","date_gmt":"2022-03-15T22:03:19","guid":{"rendered":"http:\/\/www.zonaroja.com.mx\/?p=38794"},"modified":"2022-03-15T16:03:22","modified_gmt":"2022-03-15T22:03:22","slug":"descontrol-de-segego-en-movilizaciones-violentas-otro-dia-de-protestas-en-tres-regiones","status":"publish","type":"post","link":"https:\/\/zonaroja.com.mx\/?p=38794","title":{"rendered":"Descontrol de Segego en movilizaciones violentas; otro d\u00eda de protestas en tres regiones"},"content":{"rendered":"\n<p>Yuridiana Sosa\/Zona Roja.<\/p>\n\n\n\n<p>Oaxaca de Ju\u00e1rez, Oax., 15 de marzo de 2022.- La violencia por parte de manifestantes volvi\u00f3 a Ciudad Administrativa, en Tlalixtac de Cabrera, mientras que la Secretar\u00eda General de Gobierno (Segego) sigue incapaz para contener estos actos ni solucionar el conflicto interno en Villa de Zaachila para abrir el basurero de la zona conurbada.<\/p>\n\n\n\n<p>Armados con palos y cohetones un grupo de hombres y mujeres del municipio de San Crist\u00f3bal Amatl\u00e1n, de la regi\u00f3n de la Sierra Sur, arribaron al complejo de gobierno, donde se ubica la Segego.<\/p>\n\n\n\n<p>Usando la violencia los manifestantes impidieron el desalojo de la totalidad del personal; algunos trabajadores lograron salir entre empujones y con temor a ser golpeados por palos, pero otros incluso fueron regresados con violencia al interior del inmueble al tiempo que elementos de seguridad cerraban los accesos.<\/p>\n\n\n\n<figure class=\"wp-block-embed is-type-rich is-provider-twitter wp-block-embed-twitter\"><div class=\"wp-block-embed__wrapper\">\n<div class=\"twitter-tweet\"><blockquote class=\"twitter-tweet\" data-lang=\"es\"><p lang=\"es\" dir=\"ltr\"><a href=\"https:\/\/twitter.com\/hashtag\/%C3%9AltimoMinuto?src=hash&amp;ref_src=twsrc%5Etfw\">#\u00daltimoMinuto<\/a> <br>Ante la desatenci\u00f3n de la <a href=\"https:\/\/twitter.com\/SEGEGO_GobOax?ref_src=twsrc%5Etfw\">@SEGEGO_GobOax<\/a>, habitantes de San Crist\u00f3bal Amatl\u00e1n, irrumpen de manera violenta en oficinas gubernamentales de Ciudad Administrativa, ubicadas en Tlalixtac de Cabrera, <a href=\"https:\/\/twitter.com\/hashtag\/Oaxaca?src=hash&amp;ref_src=twsrc%5Etfw\">#Oaxaca<\/a>. <a href=\"https:\/\/t.co\/kPhUYz9QhQ\">pic.twitter.com\/kPhUYz9QhQ<\/a><\/p>&mdash; Zona Roja Oaxaca (@ZonaRoja_Oaxaca) <a href=\"https:\/\/twitter.com\/ZonaRoja_Oaxaca\/status\/1503783819941457920?ref_src=twsrc%5Etfw\">15 de marzo de 2022<\/a><\/blockquote><\/div>\n<\/div><\/figure>\n\n\n\n<p>Los inconformes se apoderaron de las entradas, as\u00ed como tambi\u00e9n lanzaron cohetones.<\/p>\n\n\n\n<p>Su exigencia es la intervenci\u00f3n de la Segego sobre el desconocimiento de la poblaci\u00f3n al presidente municipal, Juan Celso Santos, pero que fue ratificado por el Tribunal Estatal Electoral de Oaxaca para que regrese a ocupar su cargo luego que la comunidad nombr\u00f3 a Victorino Cruz Mart\u00ednez como su autoridad.<\/p>\n\n\n\n<p>UNA SEMANA DE CONFLICTO<\/p>\n\n\n\n<p>Desde el pasado mi\u00e9rcoles, habitantes de la agencia de Vicente Guerrero del municipio de Villa de Zaachila, en los Valles Centrales, mantienen cerrado el basurero municipal, al que decenas de municipios de la zona conurbada env\u00edan sus desechos.<\/p>\n\n\n\n<p>El di\u00e1logo que organiz\u00f3 Francisco Garc\u00eda L\u00f3pez, titular de la Segego, para destrabar el conflicto entre la autoridad municipal, encabezada por Rigoberto Chac\u00f3n, de Morena, y pobladores, fracas\u00f3; la mesa de di\u00e1logo de este lunes no funcion\u00f3, por lo que la afectaci\u00f3n en la zona conurbada contin\u00faa.<\/p>\n\n\n\n<figure class=\"wp-block-embed is-type-rich is-provider-twitter wp-block-embed-twitter\"><div class=\"wp-block-embed__wrapper\">\n<div class=\"twitter-tweet\"><blockquote class=\"twitter-tweet\" data-lang=\"es\"><p lang=\"es\" dir=\"ltr\"><a href=\"https:\/\/twitter.com\/hashtag\/%C3%9AltimoMinuto?src=hash&amp;ref_src=twsrc%5Etfw\">#\u00daltimoMinuto<\/a> <br>Habitantes y autoridades auxiliares de la agencia Vicente Guerrero, anunciaron que ante las insuficientes respuestas por parte del edil de <a href=\"https:\/\/twitter.com\/hashtag\/Zaachila?src=hash&amp;ref_src=twsrc%5Etfw\">#Zaachila<\/a>, <a href=\"https:\/\/twitter.com\/Dr_RigoChacon?ref_src=twsrc%5Etfw\">@Dr_RigoChacon<\/a>, continuar\u00e1 por tiempo indefinido el bloqueo carretero, as\u00ed como al acceso al tiradero de basura. <a href=\"https:\/\/t.co\/5IZIk4BPi3\">pic.twitter.com\/5IZIk4BPi3<\/a><\/p>&mdash; Zona Roja Oaxaca (@ZonaRoja_Oaxaca) <a href=\"https:\/\/twitter.com\/ZonaRoja_Oaxaca\/status\/1503845225806151683?ref_src=twsrc%5Etfw\">15 de marzo de 2022<\/a><\/blockquote><\/div>\n<\/div><\/figure>\n\n\n\n<p>La agencia de Zaachila exige a la autoridad municipal la entrega de recursos del ramo 28 y 33, pero la oferta del ayuntamiento fue insuficiente para los manifestantes. Alrededor de la una de la tarde, habitantes de la agencia dieron a conocer en conferencia de prensa que no aceptan el ofrecimiento del edil, por lo cual continuar\u00e1 el bloqueo vial as\u00ed como al tiradero.<\/p>\n\n\n\n<p>Mientras tanto, la ciudad de Oaxaca se sigue llenado de basura, sin que haya acciones suficientes por parte del edil Francisco Mart\u00ednez Neri, tambi\u00e9n de Morena.<\/p>\n\n\n\n<p>Para tratar de solventar de manera temporal el problema sanitario en las calles de la capital, el gobierno municipal reinici\u00f3 el servicio de recolecci\u00f3n de basura pero s\u00f3lo del Centro Hist\u00f3rico, la cual es depositada en el predio donde se ubica la obra negra del cuartel de la polic\u00eda municipal, cerca del r\u00edo \u00abSalado\u00bb, en la agencia de Cinco Se\u00f1ores, donde de nuevo se crea otro foco de infecci\u00f3n.<\/p>\n\n\n\n<figure class=\"wp-block-embed is-type-rich is-provider-twitter wp-block-embed-twitter\"><div class=\"wp-block-embed__wrapper\">\n<div class=\"twitter-tweet\"><blockquote class=\"twitter-tweet\" data-lang=\"es\"><p lang=\"es\" dir=\"ltr\"><a href=\"https:\/\/twitter.com\/hashtag\/ENVIVO?src=hash&amp;ref_src=twsrc%5Etfw\">#ENVIVO<\/a> <br>Oaxaca de Ju\u00e1rez, Oax., 15 de marzo de 2021.- En un predio abandonado, en la agencia de Cinco Se\u00f1ores y cerca del r\u00edo \u201cSalado\u201d, el ayuntamiento amontona la basura que recoge del Centro Hist\u00f3rico, ante el cierre del tiradero.<br>Transmisi\u00f3n: \ud83d\udc47<a href=\"https:\/\/t.co\/OTNDjJrMGy\">https:\/\/t.co\/OTNDjJrMGy<\/a> <a href=\"https:\/\/t.co\/T19i4IBCdd\">pic.twitter.com\/T19i4IBCdd<\/a><\/p>&mdash; Zona Roja Oaxaca (@ZonaRoja_Oaxaca) <a href=\"https:\/\/twitter.com\/ZonaRoja_Oaxaca\/status\/1503780256422850565?ref_src=twsrc%5Etfw\">15 de marzo de 2022<\/a><\/blockquote><\/div>\n<\/div><\/figure>\n\n\n\n<p>M\u00c1S PROTESTAS Y BLOQUEOS EN REGIONES<\/p>\n\n\n\n<p>A su vez, habitantes de la comunidad de San Juan Nochixtl\u00e1n, del municipio de Santiago Chazumba, de la regi\u00f3n de la Mixteca, \u201ctomaron\u201d el palacio municipal para exigir al presidente municipal, Efra\u00edn Bautista Garc\u00eda, el reconocimiento de sus autoridades auxiliares.<\/p>\n\n\n\n<p>Hombre y mujeres demandaron a la autoridad respeto a su asamblea y les tome protesta a sus nuevos representantes.<\/p>\n\n\n\n<p>Mientras que en la regi\u00f3n del Istmo, por segundo d\u00eda consecutivo un grupo de habitantes bloque\u00f3 nuevamente la carretera trans\u00edstmica 185, Juchit\u00e1n- Tehuantepec en el entronque a la poblaci\u00f3n de \u00c1lvaro Obreg\u00f3n y el cual alertaron es por tiempo indefinido.&nbsp;<\/p>\n","protected":false},"excerpt":{"rendered":"<p>Yuridiana Sosa\/Zona Roja. Oaxaca de Ju\u00e1rez, Oax., 15 de marzo de 2022.- La violencia por&hellip;<\/p>\n","protected":false},"author":2,"featured_media":38795,"comment_status":"closed","ping_status":"open","sticky":false,"template":"","format":"standard","meta":{"_lmt_disableupdate":"","_lmt_disable":"","_jetpack_memberships_contains_paid_content":false,"footnotes":""},"categories":[109,47],"tags":[2264],"class_list":["post-38794","post","type-post","status-publish","format-standard","has-post-thumbnail","hentry","category-minuto-a-minuto","category-zona-gris","tag-bloqueos-y-protestas-oaxaca"],"jetpack_featured_media_url":"https:\/\/zonaroja.com.mx\/wp-content\/uploads\/2022\/03\/San-Cristobal-Amatlan-Ciudad-Administrativa.jpg","jetpack_sharing_enabled":true,"_links":{"self":[{"href":"https:\/\/zonaroja.com.mx\/index.php?rest_route=\/wp\/v2\/posts\/38794","targetHints":{"allow":["GET"]}}],"collection":[{"href":"https:\/\/zonaroja.com.mx\/index.php?rest_route=\/wp\/v2\/posts"}],"about":[{"href":"https:\/\/zonaroja.com.mx\/index.php?rest_route=\/wp\/v2\/types\/post"}],"author":[{"embeddable":true,"href":"https:\/\/zonaroja.com.mx\/index.php?rest_route=\/wp\/v2\/users\/2"}],"replies":[{"embeddable":true,"href":"https:\/\/zonaroja.com.mx\/index.php?rest_route=%2Fwp%2Fv2%2Fcomments&post=38794"}],"version-history":[{"count":1,"href":"https:\/\/zonaroja.com.mx\/index.php?rest_route=\/wp\/v2\/posts\/38794\/revisions"}],"predecessor-version":[{"id":38796,"href":"https:\/\/zonaroja.com.mx\/index.php?rest_route=\/wp\/v2\/posts\/38794\/revisions\/38796"}],"wp:featuredmedia":[{"embeddable":true,"href":"https:\/\/zonaroja.com.mx\/index.php?rest_route=\/wp\/v2\/media\/38795"}],"wp:attachment":[{"href":"https:\/\/zonaroja.com.mx\/index.php?rest_route=%2Fwp%2Fv2%2Fmedia&parent=38794"}],"wp:term":[{"taxonomy":"category","embeddable":true,"href":"https:\/\/zonaroja.com.mx\/index.php?rest_route=%2Fwp%2Fv2%2Fcategories&post=38794"},{"taxonomy":"post_tag","embeddable":true,"href":"https:\/\/zonaroja.com.mx\/index.php?rest_route=%2Fwp%2Fv2%2Ftags&post=38794"}],"curies":[{"name":"wp","href":"https:\/\/api.w.org\/{rel}","templated":true}]}}