{"id":38798,"date":"2022-03-15T19:48:13","date_gmt":"2022-03-16T01:48:13","guid":{"rendered":"http:\/\/www.zonaroja.com.mx\/?p=38798"},"modified":"2022-03-15T19:50:09","modified_gmt":"2022-03-16T01:50:09","slug":"senalan-a-elementos-de-la-aei-de-secuestro-asesinato-amenazas-y-hostigamiento","status":"publish","type":"post","link":"https:\/\/zonaroja.com.mx\/?p=38798","title":{"rendered":"Se\u00f1alan a elementos de la AEI de secuestro, asesinato, amenazas y hostigamiento"},"content":{"rendered":"\n<p>Yuridiana Sosa\/Zona Roja.<\/p>\n\n\n\n<p>Oaxaca de Ju\u00e1rez, Oax., 15 de marzo de 2022.- Elementos de la Agencia Estatal de Investigaciones (AEI), de la Fiscal\u00eda General de Oaxaca, fueron se\u00f1alados por su presunta participaci\u00f3n en diversos actos delictivos en el municipio de Pinotepa Nacional, en la regi\u00f3n de la Costa, que dej\u00f3 como saldo tres muertos y un lesionado.<\/p>\n\n\n\n<p>Los agentes habr\u00edan participado en el secuestro de Carlos M., un joven estudiante de 18 a\u00f1os de edad, que cuatro d\u00edas despu\u00e9s fue localizado muerto en el r\u00edo \u201cLa Arena\u201d, as\u00ed como en la ejecuci\u00f3n del padre del joven, el se\u00f1or C\u00e9sar Eduardo, por haber reconocido a uno de los secuestradores en el proceso de investigaci\u00f3n de ese delito, apunt\u00f3 la madre y ex esposa de las v\u00edctimas, la se\u00f1ora Diana Esther V. M.<\/p>\n\n\n\n<p>En conferencia de prensa, frente a Palacio de Gobierno en la capital del estado, la mujer relat\u00f3 el tormento que ahora ella, sus hijos y familiares viven ante amenazas de los elementos de ser asesinados y por lo que tuvieron que salir de su municipio.<\/p>\n\n\n\n<p>Explic\u00f3 que ante el secuestro de su hijo Carlos, quien estudiaba en el Colegio de Bachilleres del Estado de Oaxaca (COBAO), el pasado 27 de febrero, y encontrado muerto el 3 de marzo, recibieron llamadas para pedir rescate.<\/p>\n\n\n\n<p>La voz de uno de los hombres al tel\u00e9fono fue reconocida por el padre de joven entre uno de los integrantes de la AEI, cuando se entrevist\u00f3 con los agentes para la supuesta investigaci\u00f3n del caso, lo cual fue evidenciado al instante, pero negado por los agentes, entre los que uno respondi\u00f3 con amenazas.<\/p>\n\n\n\n<p>El pasado 10 de marzo, mientras la familia y amigos realizaban rezos por la muerte del joven, un grupo de agentes de la AEI descendi\u00f3 de un veh\u00edculo, con chalecos que los identificaban con esa corporaci\u00f3n y abrieron fuego contra el padre de Carlos, el se\u00f1or C\u00e9sar, de oficio taquero.<\/p>\n\n\n\n<figure class=\"wp-block-embed\"><div class=\"wp-block-embed__wrapper\">\nhttps:\/\/fb.watch\/bM_Vkk9hQP\/\n<\/div><\/figure>\n\n\n\n<p>\u201cEs \u00e9l\u201d, se\u00f1al\u00f3 uno de los agentes antes que le abrieran fuego al padre, se\u00f1al\u00f3 la mujer de acuerdo a versiones de testigos. El hombre muri\u00f3 al instante, mientras un vecino m\u00e1s falleci\u00f3 en el hospital por la gravedad de las heridas y uno m\u00e1s result\u00f3 lesionado.<\/p>\n\n\n\n<p>TEMEN POR SU VIDA<\/p>\n\n\n\n<p>La familia tuvo que salir de Pinotepa Nacional ante amenazas constantes de ser asesinados, de ser acosados con rondines en sus domicilios.<\/p>\n\n\n\n<p>Sin embargo, ante esta situaci\u00f3n, la familia tambi\u00e9n teme de interponer una denuncia ante la Fiscal\u00eda de Oaxaca al tratarse de casos relacionados a sus elementos.<\/p>\n\n\n\n<p>En caso de abrirse una investigaci\u00f3n, la mujer demand\u00f3 al fiscal Arturo Peimbert Calvo de que el caso se investigue desde la capital, pues temen de la relaci\u00f3n directa del encargado de la Fiscal\u00eda local de Santiago Pinotepa Nacional, el Manolo L\u00f3pez Reyes, en los hechos.<\/p>\n\n\n\n<p>Diana Esther responsabiliz\u00f3 a L\u00f3pez Reyes y al comandante Severiano Santiago de cualquier cosa que le ocurra a los integrantes de su familia, as\u00ed como pidi\u00f3 el apoyo de la Defensor\u00eda de los Derechos Humanos del Pueblo de Oaxaca.<\/p>\n","protected":false},"excerpt":{"rendered":"<p>Yuridiana Sosa\/Zona Roja. Oaxaca de Ju\u00e1rez, Oax., 15 de marzo de 2022.- Elementos de la&hellip;<\/p>\n","protected":false},"author":2,"featured_media":38790,"comment_status":"closed","ping_status":"open","sticky":false,"template":"","format":"standard","meta":{"_lmt_disableupdate":"","_lmt_disable":"","_jetpack_memberships_contains_paid_content":false,"footnotes":""},"categories":[109,47],"tags":[651],"class_list":["post-38798","post","type-post","status-publish","format-standard","has-post-thumbnail","hentry","category-minuto-a-minuto","category-zona-gris","tag-santiago-pinotepa-nacional"],"jetpack_featured_media_url":"https:\/\/zonaroja.com.mx\/wp-content\/uploads\/2022\/03\/Diana-Esther-Vasquez-Pinotepa.jpg","jetpack_sharing_enabled":true,"_links":{"self":[{"href":"https:\/\/zonaroja.com.mx\/index.php?rest_route=\/wp\/v2\/posts\/38798","targetHints":{"allow":["GET"]}}],"collection":[{"href":"https:\/\/zonaroja.com.mx\/index.php?rest_route=\/wp\/v2\/posts"}],"about":[{"href":"https:\/\/zonaroja.com.mx\/index.php?rest_route=\/wp\/v2\/types\/post"}],"author":[{"embeddable":true,"href":"https:\/\/zonaroja.com.mx\/index.php?rest_route=\/wp\/v2\/users\/2"}],"replies":[{"embeddable":true,"href":"https:\/\/zonaroja.com.mx\/index.php?rest_route=%2Fwp%2Fv2%2Fcomments&post=38798"}],"version-history":[{"count":2,"href":"https:\/\/zonaroja.com.mx\/index.php?rest_route=\/wp\/v2\/posts\/38798\/revisions"}],"predecessor-version":[{"id":38800,"href":"https:\/\/zonaroja.com.mx\/index.php?rest_route=\/wp\/v2\/posts\/38798\/revisions\/38800"}],"wp:featuredmedia":[{"embeddable":true,"href":"https:\/\/zonaroja.com.mx\/index.php?rest_route=\/wp\/v2\/media\/38790"}],"wp:attachment":[{"href":"https:\/\/zonaroja.com.mx\/index.php?rest_route=%2Fwp%2Fv2%2Fmedia&parent=38798"}],"wp:term":[{"taxonomy":"category","embeddable":true,"href":"https:\/\/zonaroja.com.mx\/index.php?rest_route=%2Fwp%2Fv2%2Fcategories&post=38798"},{"taxonomy":"post_tag","embeddable":true,"href":"https:\/\/zonaroja.com.mx\/index.php?rest_route=%2Fwp%2Fv2%2Ftags&post=38798"}],"curies":[{"name":"wp","href":"https:\/\/api.w.org\/{rel}","templated":true}]}}