{"id":38812,"date":"2022-03-15T22:25:26","date_gmt":"2022-03-16T04:25:26","guid":{"rendered":"http:\/\/www.zonaroja.com.mx\/?p=38812"},"modified":"2022-03-15T22:25:32","modified_gmt":"2022-03-16T04:25:32","slug":"aseguran-los-sso-que-prevalece-reduccion-sostenida-de-casos-de-covid-19","status":"publish","type":"post","link":"https:\/\/zonaroja.com.mx\/?p=38812","title":{"rendered":"Aseguran los SSO que prevalece reducci\u00f3n sostenida de casos de Covid-19"},"content":{"rendered":"\n<p>Redacci\u00f3n\/Zona Roja.<\/p>\n\n\n\n<p>Oaxaca de Ju\u00e1rez, Oax., a 15 de marzo de 2022.-En los \u00faltimos d\u00edas el ritmo de los casos activos de Covid-19 ha ido decreciendo de manera sostenida, por lo que este 15 de marzo se cuantificaron 479 pacientes con la enfermedad residentes de 85 municipios, sin embargo, el riesgo de contagio contin\u00faa latente, de ah\u00ed que las medidas sanitarias contra la pandemia siguen vigentes, informaron los Servicios de Salud de Oaxaca (SSO).<\/p>\n\n\n\n<p>Ya que la dependencia record\u00f3 que el pasado 30 de diciembre del 2021, Oaxaca reportaba 131 pacientes activos, y fue previo al crecimiento de contagios por la variante \u00d3micron, por lo cual, insisti\u00f3 en el uso correcto del cubrebocas, evitar lugares concurridos y poco ventilados, as\u00ed como acudir a completar el esquema de vacunaci\u00f3n y la dosis de refuerzo, a fin de evitar nuevamente el incremento de casos en la entidad.<\/p>\n\n\n\n<p>En esta actualizaci\u00f3n de datos, indic\u00f3 que por revisi\u00f3n y cierre de plataformas 2021 se detectaron casos repetidos, debido a ello, este martes el global de positivos es de 118 mil 683 acumulados, con 47 casos nuevos para esta jornada.<\/p>\n\n\n\n<p>En tanto a las defunciones, hay un total de seis mil 103, cinco m\u00e1s que el d\u00eda anterior; adem\u00e1s se notific\u00f3 un acumulados de 81 mil 10 casos negativos, cinco mil 778 sospechosos, y 112 mil 101 recuperados.<\/p>\n\n\n\n<figure class=\"wp-block-embed is-type-rich is-provider-twitter wp-block-embed-twitter\"><div class=\"wp-block-embed__wrapper\">\n<div class=\"twitter-tweet\"><blockquote class=\"twitter-tweet\" data-lang=\"es\"><p lang=\"es\" dir=\"ltr\"><a href=\"https:\/\/twitter.com\/hashtag\/%C3%9AltimoMinuto?src=hash&amp;ref_src=twsrc%5Etfw\">#\u00daltimoMinuto<\/a><br>Este martes, los Servicios de Salud de <a href=\"https:\/\/twitter.com\/hashtag\/Oaxaca?src=hash&amp;ref_src=twsrc%5Etfw\">#Oaxaca<\/a> reportaron 47 casos positivos a Covid, 5 defunciones y 479 casos activos.<br>A la fecha se acumulan 118 mil 683 casos confirmados y 6 mil 103 decesos.<br>Hay 5 nosocomios saturados; la ocupaci\u00f3n hospitalaria es de 17.3%. <a href=\"https:\/\/t.co\/mb8Dv7Be5p\">pic.twitter.com\/mb8Dv7Be5p<\/a><\/p>&mdash; Zona Roja Oaxaca (@ZonaRoja_Oaxaca) <a href=\"https:\/\/twitter.com\/ZonaRoja_Oaxaca\/status\/1503932935770185728?ref_src=twsrc%5Etfw\">16 de marzo de 2022<\/a><\/blockquote><\/div>\n<\/div><\/figure>\n\n\n\n<p>La dependencia se\u00f1al\u00f3 que, en esta jornada, se cuantificaron 29 municipios con la presencia de casos nuevos, principalmente: Heroica Ciudad de Juchit\u00e1n de Zaragoza con ocho positivos, Oaxaca de Ju\u00e1rez con cuatro, San Pedro Tapanatepec y Heroica Ciudad de Tlaxiaco con tres cada uno, el resto, dos y una notificaci\u00f3n.<\/p>\n\n\n\n<p>En las \u00faltimas 24 horas se ingres\u00f3 a tres personas a hospitalizaci\u00f3n, hay cinco nosocomios&nbsp;con una ocupaci\u00f3n del 100%, no obstante, se cuenta con 325 camas disponibles de un total&nbsp;de 393; Tuxtepec present\u00f3 una saturaci\u00f3n de 31.3%, seguido de la Mixteca con 30.3%, Valles Centrales con 21.1%, as\u00ed tambi\u00e9n la Costa report\u00f3 9.1%, Istmo con 6.3% y Sierra 0%, para un total de 17.3% de ocupaci\u00f3n general.<\/p>\n\n\n\n<p>Respecto a los casos acumulados, la dependencia resalt\u00f3 que la Jurisdicci\u00f3n Sanitaria de Valles Centrales, tienen un acumulado de 72 mil 514 confirmados, 250 activos y dos mil 665 decesos; Istmo 16 mil 524 confirmados, 115 activos y mil 341 decesos; Tuxtepec ocho mil 841 confirmados, 43 activos y 612 decesos; Costa ocho mil 237, 41 activos y 508 decesos; Mixteca ocho mil 741 confirmados, 15 activos y 633 decesos; Sierra tres mil 826 confirmados, 15 activos y 344 decesos.<\/p>\n","protected":false},"excerpt":{"rendered":"<p>Redacci\u00f3n\/Zona Roja. Oaxaca de Ju\u00e1rez, Oax., a 15 de marzo de 2022.-En los \u00faltimos d\u00edas&hellip;<\/p>\n","protected":false},"author":2,"featured_media":38813,"comment_status":"closed","ping_status":"open","sticky":false,"template":"","format":"standard","meta":{"_lmt_disableupdate":"","_lmt_disable":"","_jetpack_memberships_contains_paid_content":false,"footnotes":""},"categories":[109,47],"tags":[1512],"class_list":["post-38812","post","type-post","status-publish","format-standard","has-post-thumbnail","hentry","category-minuto-a-minuto","category-zona-gris","tag-coronavirus-oaxaca"],"jetpack_featured_media_url":"https:\/\/zonaroja.com.mx\/wp-content\/uploads\/2022\/03\/Covid-15-de-marzo.jpg","jetpack_sharing_enabled":true,"_links":{"self":[{"href":"https:\/\/zonaroja.com.mx\/index.php?rest_route=\/wp\/v2\/posts\/38812","targetHints":{"allow":["GET"]}}],"collection":[{"href":"https:\/\/zonaroja.com.mx\/index.php?rest_route=\/wp\/v2\/posts"}],"about":[{"href":"https:\/\/zonaroja.com.mx\/index.php?rest_route=\/wp\/v2\/types\/post"}],"author":[{"embeddable":true,"href":"https:\/\/zonaroja.com.mx\/index.php?rest_route=\/wp\/v2\/users\/2"}],"replies":[{"embeddable":true,"href":"https:\/\/zonaroja.com.mx\/index.php?rest_route=%2Fwp%2Fv2%2Fcomments&post=38812"}],"version-history":[{"count":1,"href":"https:\/\/zonaroja.com.mx\/index.php?rest_route=\/wp\/v2\/posts\/38812\/revisions"}],"predecessor-version":[{"id":38814,"href":"https:\/\/zonaroja.com.mx\/index.php?rest_route=\/wp\/v2\/posts\/38812\/revisions\/38814"}],"wp:featuredmedia":[{"embeddable":true,"href":"https:\/\/zonaroja.com.mx\/index.php?rest_route=\/wp\/v2\/media\/38813"}],"wp:attachment":[{"href":"https:\/\/zonaroja.com.mx\/index.php?rest_route=%2Fwp%2Fv2%2Fmedia&parent=38812"}],"wp:term":[{"taxonomy":"category","embeddable":true,"href":"https:\/\/zonaroja.com.mx\/index.php?rest_route=%2Fwp%2Fv2%2Fcategories&post=38812"},{"taxonomy":"post_tag","embeddable":true,"href":"https:\/\/zonaroja.com.mx\/index.php?rest_route=%2Fwp%2Fv2%2Ftags&post=38812"}],"curies":[{"name":"wp","href":"https:\/\/api.w.org\/{rel}","templated":true}]}}