{"id":38815,"date":"2022-03-16T07:33:53","date_gmt":"2022-03-16T13:33:53","guid":{"rendered":"http:\/\/www.zonaroja.com.mx\/?p=38815"},"modified":"2022-03-16T07:33:55","modified_gmt":"2022-03-16T13:33:55","slug":"la-polemica-alcaldesa-de-la-cdmx-que-regala-billetes-y-viste-de-marca","status":"publish","type":"post","link":"https:\/\/zonaroja.com.mx\/?p=38815","title":{"rendered":"La pol\u00e9mica alcaldesa de la Cdmx que regala billetes y viste de marca"},"content":{"rendered":"\n<p>Redacci\u00f3n\/Zona Roja Cdmx.<\/p>\n\n\n\n<p>Ciudad de M\u00e9xico, 16 de marzo de 2022.- A unos meses de tomar el cargo como alcaldesa en la Cuauht\u00e9moc, en la Ciudad de M\u00e9xico, Sandra Cuevas ha estado envuelta en grandes pol\u00e9micas, como regalar dinero, decir que no le gustas los pobres y estar relacionada con la agresi\u00f3n a mandos policiales, lo que le cost\u00f3 una suspensi\u00f3n temporal del cargo, en lo que se resuelve la controversia legal.<\/p>\n\n\n\n<p>La titular de la demarcaci\u00f3n ha acusado persecuci\u00f3n pol\u00edtica del gobierno de Claudia Sheinbaum por ser miembro de la oposici\u00f3n pol\u00edtica en la capital, sin embargo, ha sido captada en video en actos que le han ganado importantes cr\u00edticas.&nbsp;<\/p>\n\n\n\n<p>\u00bfQUI\u00c9N ES SANDRA CUEVAS?<\/p>\n\n\n\n<p>Sandra Xantall Cuevas Nieves naci\u00f3 el 25 de mayo de 1986 y es originaria de Azcapotzalco, estudi\u00f3 comercio internacional en la Universidad del Valle de M\u00e9xico y tiene una maestr\u00eda y un doctorado en el Centro de Estudios Jur\u00eddicos.<\/p>\n\n\n\n<p>De acuerdo con su p\u00e1gina web, es empresaria y fundadora del proyecto social M\u00e9xico Bonito. Due\u00f1a de la galer\u00eda de arte contempor\u00e1neo 11:11 y de la productora de eventos Danika.<\/p>\n\n\n\n<p>En cuanto a su carrera pol\u00edtica, en 2018 expres\u00f3 su apoyo al proyecto de la Cuarta Transformaci\u00f3n y el gobierno de AMLO e incluso aparece en redes sociales con miembros de Morena.<\/p>\n\n\n\n<p>En febrero de 2021 milit\u00f3 en el partido Fuerza Por M\u00e9xico y busc\u00f3 la candidatura en Azcapotzalco; sin embargo, se convirti\u00f3 en la candidata por la coalici\u00f3n PRI, PAN y PRD \u201cVa por M\u00e9xico\u201d a la alcald\u00eda Cuauht\u00e9moc de la Ciudad de M\u00e9xico y obtuvo la victoria; sin embargo, ha estado relacionada con varios esc\u00e1ndalos.<\/p>\n\n\n\n<p>Estas son las principales pol\u00e9micas de Sandra Cuevas:<\/p>\n\n\n\n<p>ALFOMBRA ROJA<\/p>\n\n\n\n<p>La alcaldesa de Cuauht\u00e9moc ha sido criticada por el personal de seguridad que la acompa\u00f1a y por la lujosa camioneta blindada en la que se transporta, sin embargo, el foco se centr\u00f3 en ella el d\u00eda de la toma de posesi\u00f3n, pues instal\u00f3 una alfombra roja, una pasarela y un templete para los invitados, entre quienes estaban diputados, senadores y los presidentes del PRI, PAN y PRD, los partidos que la abanderaron.<\/p>\n\n\n\n<p>En el mismo evento, fueron lanzados fuegos pirot\u00e9cnicos y Cuevas liber\u00f3 mariposas blancas, por todo esto, el Partido Verde denunci\u00f3 a la alcaldesa ante la Procuradur\u00eda Federal de Protecci\u00f3n al Ambiente por maltrato animal, mientras que Morena levant\u00f3 una queja ante el Instituto Electoral de la Ciudad de M\u00e9xico por promoci\u00f3n personalizada y uso indebido de los recursos.<\/p>\n\n\n\n<p>\u00abNO ME DIGA SE\u00d1ORA\u00bb<\/p>\n\n\n\n<p>Uno de los primeros videos que se viraliz\u00f3 y caus\u00f3 pol\u00e9mica fue cuando Cuevas golpe\u00f3 a un hombre que la llam\u00f3 \u00abse\u00f1ora\u00bb a lo que la empresaria respondi\u00f3 con manotazos y exigiendo que la llamara \u00abdoctora\u00bb.<\/p>\n\n\n\n<p>Las im\u00e1genes muestran una discusi\u00f3n sobre la falta de transparencia en un proceso electoral en el que ella y otros dos hombres est\u00e1n involucrados. En el intercambio de palabras, el hombre le dice \u00abse\u00f1ora\u00bb a Cuevas y ella le grita que le llame \u00abse\u00f1orita\u00bb o \u00abdoctora\u00bb, lo que va seguido de varios golpes.<\/p>\n\n\n\n<p>\u00abNO ME GUSTAN LOS POBRES\u00bb<\/p>\n\n\n\n<p>A unos pocos d\u00edas de que iniciara su administraci\u00f3n en la alcald\u00eda Cuauht\u00e9moc, durante una entrevista con el comunicador Carlos Alazraki, Sandra Cuevas dijo que no le gustaban los pobres, lo que incluso provoc\u00f3 reacciones del presidente Andr\u00e9s Manuel L\u00f3pez Obrador.<\/p>\n\n\n\n<p>\u201cYo quiero y le apuesto a una econom\u00eda de ricos, no de pobres, a m\u00ed no me gustan los pobres, yo fui pobre y no me gustan los pobres\u201d, mencion\u00f3 Sandra Cuevas.<\/p>\n\n\n\n<p>Al respecto, AMLO critic\u00f3 que es parte del pensamiento conservador que estaba cubierto por la hipocres\u00eda, dijo que estaba saliendo el racismo y el clasismo y que estaban \u00abmostrando el cobre\u201d.<\/p>\n\n\n\n<p>Por si esto no hubiera sido suficiente, en A\u00f1o Nuevo Sandra Cuevas public\u00f3 su lista de deseos, entre los que se inclu\u00edan \u00abir de la mano de los empresarios para que sean m\u00e1s ricos\u00bb y as\u00ed puedan dar m\u00e1s empleos en &nbsp;la demarcaci\u00f3n.<\/p>\n\n\n\n<p>ZONA ROSA ESTILO LAS VEGAS<\/p>\n\n\n\n<p>En enero de 2022 Sandra Cuevas anunci\u00f3 otra renovaci\u00f3n para la Zona Rosa, la cual ser\u00eda al m\u00e1s puro estilo de Fremont Street en Las Vegas, con un corredor techado y 4 mil metros cuadrados de pantallas.<\/p>\n\n\n\n<p>Para su realizaci\u00f3n, el proyecto requer\u00eda de 300 millones de pesos, de los cuales, Cuevas dijo que obtuvo 150 millones de donaciones de empresarios y esperaba que la jefa de gobierno, aportara otros 150 millones.<\/p>\n\n\n\n<p>Sin embargo, tras las cr\u00edticas, anunci\u00f3 que el \u201ccorredor tur\u00edstico-tecnol\u00f3gico\u201d en la calle de G\u00e9nova fue descartado y mejor se construir\u00e1 un paseo \u201cverde\u00bb.<\/p>\n\n\n\n<p>AGRESI\u00d3N A POLIC\u00cdAS<\/p>\n\n\n\n<p>El caso m\u00e1s pol\u00e9mico es el de la presunta agresi\u00f3n a polic\u00edas pues mandos de la Secretar\u00eda de Seguridad Ciudadana de la CDMX presentaron una denuncia ante la Fiscal\u00eda General de Justicia por los delitos de abuso de autoridad, privaci\u00f3n de la libertad y robo que habr\u00eda cometido Sandra Cuevas al agredirlos f\u00edsica y verbalmente.<\/p>\n\n\n\n<p>El pasado 11 de febrero dos elementos de la Polic\u00eda Auxiliar de la Ciudad de M\u00e9xico habr\u00edan sido retenidos en las inmediaciones de la alcald\u00eda Cuauht\u00e9moc tras un desencuentro en uno de los operativos de reordenamiento de comerciantes ambulantes en la calle Correo Mayor y Circunvalaci\u00f3n, adem\u00e1s de que les retiraron sus radios y otros equipos de trabajo.<\/p>\n\n\n\n<p>Sobre el caso, Sandra Cuevas ha alegado persecuci\u00f3n pol\u00edtica por parte de la jefa de Gobierno e incluso reclam\u00f3 presuntas fallas al debido proceso, por lo que su audiencia ha sido aplazada en dos ocasiones y se espera que el jueves 17 de marzo la alcaldesa rinda su declaraci\u00f3n.<\/p>\n\n\n\n<p>Los hechos han escalado la esfera legal y se ha convertido en una pugna pol\u00edtica, pues mientras Claudia Sheinbaum ha anunciado que respalda a los polic\u00edas que interpusieron su denuncia, la Uni\u00f3n de Alcald\u00edas de la Ciudad de M\u00e9xico (UNA-CDMX)&nbsp;que agrupa a los alcaldes de oposici\u00f3n han mostrado su respaldo a la titular de la Cuauht\u00e9moc.<\/p>\n\n\n\n<p>LLUVIA DE BILLETES DE 500<\/p>\n\n\n\n<p>El 28 de febrero, la alcaldesa de Cuauht\u00e9moc, Sandra Cuevas, no dej\u00f3 que habitantes de la demarcaci\u00f3n realizaran una manifestaci\u00f3n para exigir su renuncia y de \u00faltima hora organiz\u00f3 una verbena en la explanada de gobierno en la que regal\u00f3 comida y pelotas con billetes de 500 pesos pegados en ellas.&nbsp;<\/p>\n\n\n\n<p>El evento se realiz\u00f3 el mismo d\u00eda que ten\u00eda programada su audiencia por la acusaci\u00f3n en su contra por el presunto secuestro y robo a dos polic\u00edas auxiliares y cuando se hab\u00edan anunciado diversas protestas en su contra.<\/p>\n\n\n\n<p>De acuerdo con medios, el evento organizado en la alcald\u00eda fue programado sin previo aviso, sin embargo, desde el balc\u00f3n del edificio de gobierno, Cuevas arm\u00f3 una lluvia de dinero, al pegar los billetes a decenas de pelotas que lanz\u00f3 sobre los asistentes, entre vecinos, ambulantes y locatarios p\u00fablicos que acudieron a la verbena.<\/p>\n\n\n\n<p>(Informaci\u00f3n de \u201cNaci\u00f3n 321)<\/p>\n","protected":false},"excerpt":{"rendered":"<p>Redacci\u00f3n\/Zona Roja Cdmx. Ciudad de M\u00e9xico, 16 de marzo de 2022.- A unos meses de&hellip;<\/p>\n","protected":false},"author":2,"featured_media":38816,"comment_status":"closed","ping_status":"open","sticky":false,"template":"","format":"standard","meta":{"_lmt_disableupdate":"","_lmt_disable":"","_jetpack_memberships_contains_paid_content":false,"footnotes":""},"categories":[109,47],"tags":[3069],"class_list":["post-38815","post","type-post","status-publish","format-standard","has-post-thumbnail","hentry","category-minuto-a-minuto","category-zona-gris","tag-sandra-cuevas-alcaldia-cuahutemoc"],"jetpack_featured_media_url":"https:\/\/zonaroja.com.mx\/wp-content\/uploads\/2022\/03\/Sandra-Cuevas.jpg","jetpack_sharing_enabled":true,"_links":{"self":[{"href":"https:\/\/zonaroja.com.mx\/index.php?rest_route=\/wp\/v2\/posts\/38815","targetHints":{"allow":["GET"]}}],"collection":[{"href":"https:\/\/zonaroja.com.mx\/index.php?rest_route=\/wp\/v2\/posts"}],"about":[{"href":"https:\/\/zonaroja.com.mx\/index.php?rest_route=\/wp\/v2\/types\/post"}],"author":[{"embeddable":true,"href":"https:\/\/zonaroja.com.mx\/index.php?rest_route=\/wp\/v2\/users\/2"}],"replies":[{"embeddable":true,"href":"https:\/\/zonaroja.com.mx\/index.php?rest_route=%2Fwp%2Fv2%2Fcomments&post=38815"}],"version-history":[{"count":1,"href":"https:\/\/zonaroja.com.mx\/index.php?rest_route=\/wp\/v2\/posts\/38815\/revisions"}],"predecessor-version":[{"id":38817,"href":"https:\/\/zonaroja.com.mx\/index.php?rest_route=\/wp\/v2\/posts\/38815\/revisions\/38817"}],"wp:featuredmedia":[{"embeddable":true,"href":"https:\/\/zonaroja.com.mx\/index.php?rest_route=\/wp\/v2\/media\/38816"}],"wp:attachment":[{"href":"https:\/\/zonaroja.com.mx\/index.php?rest_route=%2Fwp%2Fv2%2Fmedia&parent=38815"}],"wp:term":[{"taxonomy":"category","embeddable":true,"href":"https:\/\/zonaroja.com.mx\/index.php?rest_route=%2Fwp%2Fv2%2Fcategories&post=38815"},{"taxonomy":"post_tag","embeddable":true,"href":"https:\/\/zonaroja.com.mx\/index.php?rest_route=%2Fwp%2Fv2%2Ftags&post=38815"}],"curies":[{"name":"wp","href":"https:\/\/api.w.org\/{rel}","templated":true}]}}