{"id":38820,"date":"2022-03-16T12:55:00","date_gmt":"2022-03-16T18:55:00","guid":{"rendered":"http:\/\/www.zonaroja.com.mx\/?p=38820"},"modified":"2022-03-16T07:56:19","modified_gmt":"2022-03-16T13:56:19","slug":"opinion-desaprobacion-y-tiempo","status":"publish","type":"post","link":"https:\/\/zonaroja.com.mx\/?p=38820","title":{"rendered":"Opini\u00f3n. Desaprobaci\u00f3n y tiempo"},"content":{"rendered":"\n<p>Gibr\u00e1n Ram\u00edrez Reyes<\/p>\n\n\n\n<p>Andr\u00e9s Manuel L\u00f3pez Obrador logr\u00f3 lo que ning\u00fan otro presidente: empez\u00f3 su mandato con un pr\u00e1ctico consenso nacional despu\u00e9s de sacudir la correlaci\u00f3n de fuerzas pol\u00edticas.&nbsp;<\/p>\n\n\n\n<p>Si bien lleg\u00f3 a la Presidencia de la Rep\u00fablica con m\u00e1s de 30 millones de votos, al inicio de su mandato roz\u00f3 la aprobaci\u00f3n de 90 por ciento de los ciudadanos: la voluntad de cambio era transparente y hab\u00eda un indudable voto de confianza.<\/p>\n\n\n\n<p>En enero de 2019, el promedio hecho por Oraculus de las encuestas levantadas le daba un 80 por ciento de aprobaci\u00f3n y solamente un 14 por ciento de desaprobaci\u00f3n.&nbsp;<\/p>\n\n\n\n<p>La hip\u00f3tesis de la polarizaci\u00f3n no era s\u00f3lo impertinente, sino que sonaba deschavetada. La circunstancia actual es muy diferente y, si bien el apoyo popular de L\u00f3pez Obrador es todav\u00eda importante, se est\u00e1 arando el terreno para que la polarizaci\u00f3n se concrete.&nbsp;<\/p>\n\n\n\n<p>En la encuesta m\u00e1s reciente de Alejandro Moreno para \u201cEl Financiero\u201d, una de las m\u00e1s confiables del pa\u00eds, se registra una p\u00e9rdida de apoyo notable en los \u00faltimos meses.&nbsp;<\/p>\n\n\n\n<p>La aprobaci\u00f3n del presidente ser\u00eda de 54 por ciento en febrero, mientras la desaprobaci\u00f3n habr\u00eda crecido a 43 por ciento. De una aprobaci\u00f3n inusitada que demostr\u00f3 un voto de confianza para cambiar el r\u00e9gimen al inicio del sexenio, pasamos a una similar a la que tuvieron en el mismo punto de sus mandatos Felipe Calder\u00f3n, Ernesto Zedillo&nbsp;o Vicente Fox.&nbsp;<\/p>\n\n\n\n<p>Quedan algo m\u00e1s de dos a\u00f1os con seis meses del gobierno actual. Tres meses menos de eso falta para el d\u00eda de la elecci\u00f3n presidencial y el proceso electoral empezar\u00e1 en septiembre de 2023, o sea que dentro de poco m\u00e1s de un a\u00f1o y medio todos los poderes entrar\u00e1n a otra l\u00f3gica y din\u00e1mica.&nbsp;<\/p>\n\n\n\n<p>A\u00f1o y medio antes de entrar plena y legalmente a la sucesi\u00f3n presidencial, que pol\u00edticamente ya est\u00e1 echada a andar.&nbsp;<\/p>\n\n\n\n<p>Los cambios que pueden generarse en el pa\u00eds, debido a esta circunstancia temporal y a la crisis econ\u00f3mica ocasionada en todo el mundo por el covid-19 hacen pensar que estamos ante el final del delineamiento del legado de la llamada cuarta transformaci\u00f3n de la vida p\u00fablica de M\u00e9xico.&nbsp;<\/p>\n\n\n\n<p>Eso mismo ha manifestado L\u00f3pez Obrador al decir que ya podr\u00eda declarar su misi\u00f3n cumplida. Lo que queda al frente es escoger c\u00f3mo va a cerrarse el sexenio y, mientras m\u00e1s se acerque el 2024, crecer\u00e1n los golpes bajo la mesa y se har\u00e1 plena difusi\u00f3n de los esc\u00e1ndalos que se hayan acumulado y que hoy mencionan a Gertz o Scherer, o el presunto financiamiento il\u00edcito de Morena.&nbsp;<\/p>\n\n\n\n<p>Hay solamente dos opciones para afrontar ese complejo escenario: la autocr\u00edtica y la correcci\u00f3n de aquello que est\u00e9 costando simpat\u00edas, o bien, el endurecimiento del discurso, la desaprobaci\u00f3n a quienes desaprueban la gesti\u00f3n, seguir perdiendo simpat\u00edas.&nbsp;<\/p>\n\n\n\n<p>La oposici\u00f3n, sin embargo, no debe echar campanas al vuelo. La divisi\u00f3n de opiniones no reside en que la mitad de la poblaci\u00f3n apoye a AMLO y la mitad a ellos. Si bien es claro que el gobierno pierde apoyo popular para su discurso \u00e9pico, no es claro que los adversarios del obradorismo est\u00e9n ganando ese terreno.&nbsp;<\/p>\n\n\n\n<p>Muchos de quienes pierden entusiasmo firmar\u00edan tambi\u00e9n su rechazo a volver al r\u00e9gimen anterior (lo cual es, por otra parte, imposible) y no se identifican con el neoliberalismo: son la parte desencantada del sector social que impuls\u00f3 por a\u00f1os el triunfo de Morena.&nbsp;<\/p>\n\n\n\n<p>*Doctor en ciencia pol\u00edtica.<\/p>\n\n\n\n<p>@gibranrr&nbsp;<\/p>\n","protected":false},"excerpt":{"rendered":"<p>Gibr\u00e1n Ram\u00edrez Reyes Andr\u00e9s Manuel L\u00f3pez Obrador logr\u00f3 lo que ning\u00fan otro presidente: empez\u00f3 su&hellip;<\/p>\n","protected":false},"author":2,"featured_media":24099,"comment_status":"closed","ping_status":"open","sticky":false,"template":"","format":"standard","meta":{"_lmt_disableupdate":"","_lmt_disable":"","_jetpack_memberships_contains_paid_content":false,"footnotes":""},"categories":[456,109],"tags":[2489],"class_list":["post-38820","post","type-post","status-publish","format-standard","has-post-thumbnail","hentry","category-columna","category-minuto-a-minuto","tag-gibran-ramirez-reyes"],"jetpack_featured_media_url":"https:\/\/zonaroja.com.mx\/wp-content\/uploads\/2021\/02\/Gibran-Ramirez-Reyes.jpg","jetpack_sharing_enabled":true,"_links":{"self":[{"href":"https:\/\/zonaroja.com.mx\/index.php?rest_route=\/wp\/v2\/posts\/38820","targetHints":{"allow":["GET"]}}],"collection":[{"href":"https:\/\/zonaroja.com.mx\/index.php?rest_route=\/wp\/v2\/posts"}],"about":[{"href":"https:\/\/zonaroja.com.mx\/index.php?rest_route=\/wp\/v2\/types\/post"}],"author":[{"embeddable":true,"href":"https:\/\/zonaroja.com.mx\/index.php?rest_route=\/wp\/v2\/users\/2"}],"replies":[{"embeddable":true,"href":"https:\/\/zonaroja.com.mx\/index.php?rest_route=%2Fwp%2Fv2%2Fcomments&post=38820"}],"version-history":[{"count":1,"href":"https:\/\/zonaroja.com.mx\/index.php?rest_route=\/wp\/v2\/posts\/38820\/revisions"}],"predecessor-version":[{"id":38821,"href":"https:\/\/zonaroja.com.mx\/index.php?rest_route=\/wp\/v2\/posts\/38820\/revisions\/38821"}],"wp:featuredmedia":[{"embeddable":true,"href":"https:\/\/zonaroja.com.mx\/index.php?rest_route=\/wp\/v2\/media\/24099"}],"wp:attachment":[{"href":"https:\/\/zonaroja.com.mx\/index.php?rest_route=%2Fwp%2Fv2%2Fmedia&parent=38820"}],"wp:term":[{"taxonomy":"category","embeddable":true,"href":"https:\/\/zonaroja.com.mx\/index.php?rest_route=%2Fwp%2Fv2%2Fcategories&post=38820"},{"taxonomy":"post_tag","embeddable":true,"href":"https:\/\/zonaroja.com.mx\/index.php?rest_route=%2Fwp%2Fv2%2Ftags&post=38820"}],"curies":[{"name":"wp","href":"https:\/\/api.w.org\/{rel}","templated":true}]}}