{"id":38822,"date":"2022-03-16T08:12:38","date_gmt":"2022-03-16T14:12:38","guid":{"rendered":"http:\/\/www.zonaroja.com.mx\/?p=38822"},"modified":"2022-03-16T08:12:40","modified_gmt":"2022-03-16T14:12:40","slug":"imposicion-de-jara-de-su-secretario-particular-en-dirigencia-ahonda-conflicto-en-morena","status":"publish","type":"post","link":"https:\/\/zonaroja.com.mx\/?p=38822","title":{"rendered":"Imposici\u00f3n de Jara de su secretario particular en dirigencia ahonda, conflicto en Morena"},"content":{"rendered":"\n<p>Ismael Garc\u00eda M.\/Zona Roja.<\/p>\n\n\n\n<p>Oaxaca de Ju\u00e1rez, Oax., 16 de marzo de 2022.- Tras la imposici\u00f3n de Benjam\u00edn Viveros, secretario particular del senador con licencia Salom\u00f3n Jara Cruz, y su presentaci\u00f3n ayer, la divisi\u00f3n se ahonda en el Partido Morena Oaxaca.<\/p>\n\n\n\n<p>El actual presidente estatal del partido, Sesul Bola\u00f1os L\u00f3pez \u2014sobrino de Jara\u2014 se inconform\u00f3 ayer mismo y denunci\u00f3 que el partido rompi\u00f3 uno de sus tres principios: no mentir.<\/p>\n\n\n\n<p>Entre otros puntos, aclar\u00f3 que la presidenta del Consejo Estatal, la diputada federal Irma Juan Carlos, minti\u00f3 al afirmar que nunca hubo su nombramiento en la dirigencia estatal, pues ella presidi\u00f3 la asamblea donde result\u00f3 electo como presidente.<\/p>\n\n\n\n<p>\u201cElla mencion\u00f3 que yo ten\u00eda la calidad de secretario General lo que es totalmente falso, yo ostento la calidad de presidente del CEE, a la cual nunca he presentado una licencia y mucho menos una renuncia, por lo cual se me hace muy grave que tanto el delegado, como la presidenta, mientan a la opini\u00f3n p\u00fablica, mientan a la militancia y sobre todo mientan al pueblo de Oaxaca\u201d, dijo.<\/p>\n\n\n\n<p>En una carta p\u00fablica, el diputado local Sesul Bola\u00f1os dijo que Irma Juan Carlos minti\u00f3 ayer en la conferencia de prensa de presentaci\u00f3n de Benjam\u00edn Viveros, al decir que fue convocado para ese encuentro.<\/p>\n\n\n\n<p>\u201cNo recib\u00ed invitaci\u00f3n, ni convocatoria por lo que tambi\u00e9n me resulta inveros\u00edmil que mientan o quieran confundir a la militancia diciendo que yo ten\u00eda una actividad por la cual no pude estar presente\u201d.<\/p>\n\n\n\n<figure class=\"wp-block-embed is-type-rich is-provider-twitter wp-block-embed-twitter\"><div class=\"wp-block-embed__wrapper\">\n<div class=\"twitter-tweet\"><blockquote class=\"twitter-tweet\" data-lang=\"es\"><p lang=\"es\" dir=\"ltr\">&quot;No mentir, no robar, no traicionar&quot;<br><br>En MORENA somos diferentes y debe demostrarse. <a href=\"https:\/\/t.co\/NAYQCBwzjh\">pic.twitter.com\/NAYQCBwzjh<\/a><\/p>&mdash; Sesul Bola\u00f1os (@SesulBolanos) <a href=\"https:\/\/twitter.com\/SesulBolanos\/status\/1503954596665909250?ref_src=twsrc%5Etfw\">16 de marzo de 2022<\/a><\/blockquote><\/div>\n<\/div><\/figure>\n\n\n\n<p>Agreg\u00f3:<\/p>\n\n\n\n<p>\u201cEs mentira que yo haya favorecido a una de las aspirantes y que ese sea el motivo por el cual hoy el CEN haya decidido relevarme del mando, si ese fuera el supuesto, el d\u00eda de hoy muchos de los presentes en la conferencia (diputados, consejeros y secretarios ) no tendr\u00edan que haber estado presentes, dado que est\u00e1 comprobado que favorecieron al hoy candidato a la qubernatura, Salom\u00f3n Jara, por lo que resulta incre\u00edble que tengan un doble discurso y<\/p>\n\n\n\n<p>pretendan confundir a la opini\u00f3n p\u00fablica\u201d.<\/p>\n\n\n\n<p>Precis\u00f3 que hasta en tres ocasiones pidi\u00f3 licencia al cargo de diputado, para dedicarse de lleno a la presidencia estatal del partido, lo cual le fue negada; rechaz\u00f3 que haya renunciado a la dirigencia sino por el contrario, pretend\u00eda dedicarse de tiempo completo.<\/p>\n\n\n\n<p>\u201cEs triste y lamentable que hoy qui\u00e9nes ostentan estos cargos de representaci\u00f3n como es el delegado electoral Oscar Cant\u00f3n Zetina y la presidenta del Consejo Irma Juan Carlos quieran confundir y sobre todo, validar un proceso que a todas luces es ilegal, cuando ellos mismos dijeron que el pr\u00f3ximo viernes llevar\u00e1n a cabo un consejo para poder validar dicho e<\/p>\n\n\n\n<p>ileg\u00edtimo nombramiento\u201d, expres\u00f3 Bola\u00f1os L\u00f3pez.<\/p>\n","protected":false},"excerpt":{"rendered":"<p>Ismael Garc\u00eda M.\/Zona Roja. Oaxaca de Ju\u00e1rez, Oax., 16 de marzo de 2022.- Tras la&hellip;<\/p>\n","protected":false},"author":2,"featured_media":38823,"comment_status":"closed","ping_status":"open","sticky":false,"template":"","format":"standard","meta":{"_lmt_disableupdate":"","_lmt_disable":"","_jetpack_memberships_contains_paid_content":false,"footnotes":""},"categories":[109,47],"tags":[1841],"class_list":["post-38822","post","type-post","status-publish","format-standard","has-post-thumbnail","hentry","category-minuto-a-minuto","category-zona-gris","tag-sesul-bolanos-lopez"],"jetpack_featured_media_url":"https:\/\/zonaroja.com.mx\/wp-content\/uploads\/2022\/03\/Benjamin-Viveros.jpg","jetpack_sharing_enabled":true,"_links":{"self":[{"href":"https:\/\/zonaroja.com.mx\/index.php?rest_route=\/wp\/v2\/posts\/38822","targetHints":{"allow":["GET"]}}],"collection":[{"href":"https:\/\/zonaroja.com.mx\/index.php?rest_route=\/wp\/v2\/posts"}],"about":[{"href":"https:\/\/zonaroja.com.mx\/index.php?rest_route=\/wp\/v2\/types\/post"}],"author":[{"embeddable":true,"href":"https:\/\/zonaroja.com.mx\/index.php?rest_route=\/wp\/v2\/users\/2"}],"replies":[{"embeddable":true,"href":"https:\/\/zonaroja.com.mx\/index.php?rest_route=%2Fwp%2Fv2%2Fcomments&post=38822"}],"version-history":[{"count":1,"href":"https:\/\/zonaroja.com.mx\/index.php?rest_route=\/wp\/v2\/posts\/38822\/revisions"}],"predecessor-version":[{"id":38824,"href":"https:\/\/zonaroja.com.mx\/index.php?rest_route=\/wp\/v2\/posts\/38822\/revisions\/38824"}],"wp:featuredmedia":[{"embeddable":true,"href":"https:\/\/zonaroja.com.mx\/index.php?rest_route=\/wp\/v2\/media\/38823"}],"wp:attachment":[{"href":"https:\/\/zonaroja.com.mx\/index.php?rest_route=%2Fwp%2Fv2%2Fmedia&parent=38822"}],"wp:term":[{"taxonomy":"category","embeddable":true,"href":"https:\/\/zonaroja.com.mx\/index.php?rest_route=%2Fwp%2Fv2%2Fcategories&post=38822"},{"taxonomy":"post_tag","embeddable":true,"href":"https:\/\/zonaroja.com.mx\/index.php?rest_route=%2Fwp%2Fv2%2Ftags&post=38822"}],"curies":[{"name":"wp","href":"https:\/\/api.w.org\/{rel}","templated":true}]}}