{"id":38825,"date":"2022-03-16T08:19:45","date_gmt":"2022-03-16T14:19:45","guid":{"rendered":"http:\/\/www.zonaroja.com.mx\/?p=38825"},"modified":"2022-03-16T08:19:47","modified_gmt":"2022-03-16T14:19:47","slug":"agenda-de-medios-en-oaxaca-van-de-la-mano-impunidad-y-discrecionalidad-en-ejercicio-del-gasto-publicitario","status":"publish","type":"post","link":"https:\/\/zonaroja.com.mx\/?p=38825","title":{"rendered":"Agenda de medios en Oaxaca: van de la mano impunidad y discrecionalidad en ejercicio del gasto publicitario"},"content":{"rendered":"\n<p>Adri\u00e1n Ortiz Romero Cuevas<\/p>\n\n\n\n<p>La agenda&nbsp;de los medios de comunicaci\u00f3n en Oaxaca no s\u00f3lo est\u00e1 determinada&nbsp;por las constantes e impunes agresiones de las que&nbsp;cotidianamente son objeto compa\u00f1eros&nbsp;reporteros&nbsp;y&nbsp;fot\u00f3grafos que cubren casi cualquiera de las fuentes informativas;&nbsp;tambi\u00e9n&nbsp;est\u00e1 delineada por la falta de claridad&nbsp;\u2014que&nbsp;ya no se resolver\u00e1 en esta&nbsp;administraci\u00f3n\u2014respecto al gasto&nbsp;en publicidad gubernamental.&nbsp;Hoy&nbsp;los medios&nbsp;informativos&nbsp;oaxaque\u00f1os&nbsp;no s\u00f3lo&nbsp;viven&nbsp;bajo las amenazas constantes,&nbsp;sino&nbsp;tambi\u00e9n&nbsp;en una condici\u00f3n de precariedad que ha sido promovida desde el propio gobierno.&nbsp;La&nbsp;agenda&nbsp;de&nbsp;medios, por tanto, es de dos temas y no s\u00f3lo de uno, como perniciosamente se intenta enmascarar desde la vocer\u00eda gubernamental.<\/p>\n\n\n\n<p>En&nbsp;efecto,&nbsp;desde antes del 10 de febrero&nbsp;\u2014fecha en que fue arteramente asesinado el reportero Heber L\u00f3pez en&nbsp;el puerto de&nbsp;Salina&nbsp;Cruz\u2014&nbsp;ya hab\u00eda una preocupaci\u00f3n clara respecto al clima de impunidad que impera no s\u00f3lo en contra de los comunicadores&nbsp;sino de todos los oaxaque\u00f1os.&nbsp;Cuatro&nbsp;homicidios m\u00e1s&nbsp;perpetrados en contra de&nbsp;comunicadores&nbsp;son el contexto por el que&nbsp;alz\u00f3 la voz el gremio&nbsp;period\u00edstico oaxaque\u00f1o:&nbsp;el 10 de enero fue privado de la vida Jos\u00e9 Luis Gamboa, en Veracruz; los d\u00edas 17 y 23 del mismo mes, fueron ultimados Margarito Mart\u00ednez Esquivel y Lourdes Maldonado, respectivamente, en Tijuana, Baja California, y el 31 de enero, en Zit\u00e1cuaro, Michoac\u00e1n,&nbsp;se perpetr\u00f3 el homicidio de Roberto Toledo.<\/p>\n\n\n\n<p>Ante&nbsp;este panorama&nbsp;funesto, los&nbsp;periodistas&nbsp;oaxaque\u00f1os espont\u00e1neamente se manifestaron.&nbsp;Organizaron&nbsp;diversas protestas en espacios p\u00fablicos&nbsp;y las&nbsp;agrupaciones&nbsp;de comunicadores&nbsp;\u2014con la hist\u00f3rica Asociaci\u00f3n de Periodistas de&nbsp;Oaxaca&nbsp;(APO)&nbsp;como punto de referencia&nbsp;de las&nbsp;expresiones,&nbsp;no obstante que&nbsp;otras organizaciones&nbsp;y comunicadores en solitario&nbsp;hicieron sus propias&nbsp;demostraciones de indignaci\u00f3n\u2014&nbsp;hicieron patente su preocupaci\u00f3n e indignaci\u00f3n por los constantes hechos de violencia y delitos que se cometen en contra de periodistas.&nbsp;La&nbsp;tenue respuesta gubernamental&nbsp;a todas las expresiones de&nbsp;irritaci\u00f3n,&nbsp;fue convocar a una&nbsp;reuni\u00f3n a algunos comunicadores en particular,&nbsp;que sin menoscabo de su presencia en medios,&nbsp;por&nbsp;la&nbsp;propia naturaleza&nbsp;heterog\u00e9nea&nbsp;del sector&nbsp;no&nbsp;constituyen&nbsp;una representaci\u00f3n del gremio&nbsp;period\u00edstico.<\/p>\n\n\n\n<p>\u00bfDe qu\u00e9 se habl\u00f3&nbsp;en esa reuni\u00f3n?&nbsp;B\u00e1sicamente,&nbsp;de dos&nbsp;cuestiones: primero,&nbsp;la largamente esperada ley de protecci\u00f3n a periodistas;&nbsp;y segundo, la posible creaci\u00f3n de un fondo o fideicomiso de protecci\u00f3n al gremio.&nbsp;Nada&nbsp;m\u00e1s.&nbsp;El&nbsp;Ejecutivo del Estado&nbsp;no se refiri\u00f3 en concreto a la necesidad urgente de que las instancias de procuraci\u00f3n de justicia den seguimiento y concluyan las diversas carpetas de investigaci\u00f3n&nbsp;que est\u00e1n abiertas en la Fiscal\u00eda por agresiones a periodistas.&nbsp;<\/p>\n\n\n\n<p>Tampoco&nbsp;hubo manifestaciones concretas sobre la necesidad de&nbsp;terminar, en general, con el clima de impunidad que invita&nbsp;a casi cualquier persona a cometer delitos en&nbsp;contra de los comunicadores&nbsp;al ver que la autoridad&nbsp;\u2014estatal, federal\u2014&nbsp;tolera&nbsp;actos de violencia en pr\u00e1cticamente todos los casos.&nbsp;El&nbsp;gremio period\u00edstico es&nbsp;tambi\u00e9n&nbsp;objeto de las agresiones&nbsp;que&nbsp;impunemente todos los d\u00edas se cometen&nbsp;en todos los contextos.&nbsp;Si&nbsp;los agresores no tienen miedo por las consecuencias por&nbsp;atentas en contra de la vida o integridad de cualquier persona, tampoco la tienen de&nbsp;ejercer alg\u00fan acto violento en contra de alg\u00fan periodista.&nbsp;<\/p>\n\n\n\n<p>Por&nbsp;eso se dice&nbsp;que,&nbsp;para terminar con las&nbsp;agresiones&nbsp;contra periodistas,&nbsp;antes&nbsp;que&nbsp;cualquier ley nueva&nbsp;para crear un marco espec\u00edfico de protecci\u00f3n,&nbsp;lo primero&nbsp;que debe ocurrir es el&nbsp;combate frontal y real&nbsp;a la&nbsp;impunidad que&nbsp;asola d\u00eda a d\u00eda a la ciudadan\u00eda.&nbsp;Pero&nbsp;sobre eso no se dice, ni se dijo,&nbsp;absolutamente nada.<\/p>\n\n\n\n<p>\u00bfY EL&nbsp;GASTO PUBLICITARIO?&nbsp;<\/p>\n\n\n\n<p>La discusi\u00f3n sobre la violencia e impunidad que priva&nbsp;contra el gremio period\u00edstico pasa por otro tema: la precarizaci\u00f3n de los medios informativos y del trabajo&nbsp;de los comunicadores&nbsp;oaxaque\u00f1os&nbsp;en general.&nbsp;Hoy&nbsp;en d\u00eda&nbsp;no&nbsp;queda claro c\u00f3mo&nbsp;y bajo qu\u00e9 premisas se decide&nbsp;el ejercicio del presupuesto&nbsp;destinado a la&nbsp;publicidad gubernamental, y por qu\u00e9 se prefiere&nbsp;a los medios de la capital del pa\u00eds sobre los locales.&nbsp;Se&nbsp;pretende crear un fondo de protecci\u00f3n a periodistas,&nbsp;pero&nbsp;en general al gremio&nbsp;oaxaque\u00f1o&nbsp;se le ha dejado al garete al cortar&nbsp;la gran mayor\u00eda de los recursos&nbsp;destinados a publicidad gubernamental&nbsp;\u2014de&nbsp;los que&nbsp;depende en&nbsp;gran&nbsp;medida la&nbsp;subsistencia de la mayor\u00eda de los medios, independientemente de la latitud de que se trate.<\/p>\n\n\n\n<p>En&nbsp;esa l\u00f3gica, el Estado no&nbsp;ha&nbsp;querido comprender&nbsp;\u2014porque no le importa; porque no le conviene&nbsp;a sus intereses\u2014reconocer que la publicidad gubernamental ya no&nbsp;debiera&nbsp;funcionar bajo la l\u00f3gica del&nbsp;\u201cno te pago para que me pegues\u201d,&nbsp;sino para garantizar&nbsp;la subsistencia m\u00ednima de&nbsp;todas&nbsp;las&nbsp;expresiones&nbsp;relacionadas con&nbsp;la libertad de expresi\u00f3n, independientemente de si son afines o no a&nbsp;los intereses o a&nbsp;la l\u00ednea gubernamental.&nbsp;A&nbsp;eso se ha sumado el af\u00e1n de&nbsp;figurar siempre en la capital del pa\u00eds,&nbsp;en detrimento de lo que se puede&nbsp;y debe hacer respecto a los medios&nbsp;informativos oaxaque\u00f1os, que&nbsp;en&nbsp;el contexto real&nbsp;\u2014aqu\u00ed y en todas las sociedades del mundo\u2014&nbsp;necesitan&nbsp;de la publicidad&nbsp;gubernamental para subsistir.<\/p>\n\n\n\n<p>Pero&nbsp;\u00bfqu\u00e9 ha pasado en Oaxaca?&nbsp;Que&nbsp;antes hab\u00eda medios informativos ricos y periodistas pobres, en algunos casos.&nbsp;Hoy&nbsp;unos y otros est\u00e1n&nbsp;en la misma situaci\u00f3n&nbsp;\u2014de crisis\u2014, porque no&nbsp;hay&nbsp;una preocupaci\u00f3n real&nbsp;del gobierno&nbsp;sobre c\u00f3mo subsisten&nbsp;no los due\u00f1os de los&nbsp;medios, sino&nbsp;los comunicadores.&nbsp;Con&nbsp;su pol\u00edtica de&nbsp;\u201ccampa\u00f1as publicitarias\u201d,concedida&nbsp;discrecionalmente&nbsp;a cada medio&nbsp;por la vocer\u00eda gubernamental, lo que ocurre hoy&nbsp;es el premio y castigo seg\u00fan la afinidad o rebeld\u00eda del medio.&nbsp;Al&nbsp;que publica todo y se pliega&nbsp;al gobierno, se le concede todo; pero al que no, simplemente se le cierra la llave de la publicidad, como un castigo por tener una agenda independiente&nbsp;a la de la comunicaci\u00f3n o los intereses gubernamentales.&nbsp;Y&nbsp;en todos los casos, el problema es que&nbsp;en medio&nbsp;de la transici\u00f3n digital, en la que&nbsp;siempre se apela al&nbsp;\u201ctodo gratis\u201d&nbsp;entre medios y consumidores,&nbsp;al comunicador\/empleado&nbsp;que recibe&nbsp;\u2014o&nbsp;que&nbsp;deber\u00eda&nbsp;percibir\u2014&nbsp;un salario&nbsp;a cambio de su labor,&nbsp;se le pone a sufrir permanentemente&nbsp;porque hoy ya&nbsp;no tiene seguridad sobre su ingreso m\u00ednimo.<\/p>\n\n\n\n<p>Eso&nbsp;ha generado un clima&nbsp;de informalidad&nbsp;en el trabajo period\u00edstico&nbsp;que,&nbsp;en&nbsp;cualquiera de sus aristas,&nbsp;es&nbsp;nocivo para la libertad de expresi\u00f3n.&nbsp;Porque, de entrada,&nbsp;todo&nbsp;buen periodismo cuesta; y dejar de reconocer eso implica&nbsp;un&nbsp;quebranto no s\u00f3lo para el&nbsp;gobierno o el gremio, sino&nbsp;tambi\u00e9n para la sociedad que ve mermada la calidad del periodismo que&nbsp;se le pone al alcance, y que&nbsp;consume.&nbsp;Hoy,&nbsp;por&nbsp;ejemplo,&nbsp;muy pocos comunicadores cuentan con seguridad social porque los medios est\u00e1n cada vez m\u00e1s pulverizados; y mientras,&nbsp;el gobierno vive de gui\u00f1os discretos&nbsp;\u2014con los que disfrazan la&nbsp;amenaza\u2014&nbsp;a los comunicadores para pagarles para que no&nbsp;les peguen, pero sin la preocupaci\u00f3n real de si tienen o no medios m\u00ednimos de subsistencia en un contexto de respeto mutuo.<\/p>\n\n\n\n<p>EPITAFIO&nbsp;<\/p>\n\n\n\n<p>\u00bfPor&nbsp;qu\u00e9 este tema es&nbsp;fundamental,&nbsp;en el contexto de las agresiones?&nbsp;Porque&nbsp;para&nbsp;garantizarle&nbsp;la seguridad al gremio, lo primero que tendr\u00edan que&nbsp;hacer es estimular sus medios de subsistencia.&nbsp;Sin&nbsp;embargo, lo que priva&nbsp;hoy es la informalidad&nbsp;y&nbsp;la coacci\u00f3n disfrazada de premios o castigos.&nbsp;Ning\u00fan&nbsp;medio o periodista deber\u00eda prestarse a&nbsp;ese juego de&nbsp;juego de incentivos perversos en&nbsp;el que&nbsp;quien&nbsp;siempre&nbsp;pierde es&nbsp;el comunicador.&nbsp;Por&nbsp;eso,&nbsp;si&nbsp;no existe un periodismo s\u00f3lido e independiente, \u00bfc\u00f3mo pretenden hablar de&nbsp;impunidad, de&nbsp;fideicomisos o de fondos de protecci\u00f3n, si no&nbsp;existe&nbsp;un piso m\u00ednimo de dignidad&nbsp;promovido&nbsp;a partir del uso correcto de los recursos p\u00fablicos destinados para la publicidad gubernamental?&nbsp;<\/p>\n\n\n\n<p>http:\/\/columnaalmargen.mx<\/p>\n\n\n\n<p>@columnaalmargen<\/p>\n\n\n\n<p>@ortizromeroc<\/p>\n","protected":false},"excerpt":{"rendered":"<p>Adri\u00e1n Ortiz Romero Cuevas La agenda&nbsp;de los medios de comunicaci\u00f3n en Oaxaca no s\u00f3lo est\u00e1&hellip;<\/p>\n","protected":false},"author":2,"featured_media":36612,"comment_status":"closed","ping_status":"open","sticky":false,"template":"","format":"standard","meta":{"_lmt_disableupdate":"","_lmt_disable":"","_jetpack_memberships_contains_paid_content":false,"footnotes":""},"categories":[456,109],"tags":[],"class_list":["post-38825","post","type-post","status-publish","format-standard","has-post-thumbnail","hentry","category-columna","category-minuto-a-minuto"],"jetpack_featured_media_url":"https:\/\/zonaroja.com.mx\/wp-content\/uploads\/2022\/01\/Adrian-Ortiz-Romero.jpg","jetpack_sharing_enabled":true,"_links":{"self":[{"href":"https:\/\/zonaroja.com.mx\/index.php?rest_route=\/wp\/v2\/posts\/38825","targetHints":{"allow":["GET"]}}],"collection":[{"href":"https:\/\/zonaroja.com.mx\/index.php?rest_route=\/wp\/v2\/posts"}],"about":[{"href":"https:\/\/zonaroja.com.mx\/index.php?rest_route=\/wp\/v2\/types\/post"}],"author":[{"embeddable":true,"href":"https:\/\/zonaroja.com.mx\/index.php?rest_route=\/wp\/v2\/users\/2"}],"replies":[{"embeddable":true,"href":"https:\/\/zonaroja.com.mx\/index.php?rest_route=%2Fwp%2Fv2%2Fcomments&post=38825"}],"version-history":[{"count":1,"href":"https:\/\/zonaroja.com.mx\/index.php?rest_route=\/wp\/v2\/posts\/38825\/revisions"}],"predecessor-version":[{"id":38826,"href":"https:\/\/zonaroja.com.mx\/index.php?rest_route=\/wp\/v2\/posts\/38825\/revisions\/38826"}],"wp:featuredmedia":[{"embeddable":true,"href":"https:\/\/zonaroja.com.mx\/index.php?rest_route=\/wp\/v2\/media\/36612"}],"wp:attachment":[{"href":"https:\/\/zonaroja.com.mx\/index.php?rest_route=%2Fwp%2Fv2%2Fmedia&parent=38825"}],"wp:term":[{"taxonomy":"category","embeddable":true,"href":"https:\/\/zonaroja.com.mx\/index.php?rest_route=%2Fwp%2Fv2%2Fcategories&post=38825"},{"taxonomy":"post_tag","embeddable":true,"href":"https:\/\/zonaroja.com.mx\/index.php?rest_route=%2Fwp%2Fv2%2Ftags&post=38825"}],"curies":[{"name":"wp","href":"https:\/\/api.w.org\/{rel}","templated":true}]}}