{"id":38832,"date":"2022-03-16T19:49:15","date_gmt":"2022-03-17T01:49:15","guid":{"rendered":"http:\/\/www.zonaroja.com.mx\/?p=38832"},"modified":"2022-03-16T19:49:17","modified_gmt":"2022-03-17T01:49:17","slug":"caos-inseguridad-e-incompetencia-macan-a-gobierno-de-morena-pri-oaxaca","status":"publish","type":"post","link":"https:\/\/zonaroja.com.mx\/?p=38832","title":{"rendered":"Caos, inseguridad e incompetencia macan a gobierno de Morena: PRI Oaxaca"},"content":{"rendered":"\n<p>Yuridiana Sosa\/Zona Roja.<\/p>\n\n\n\n<p>Oaxaca de Ju\u00e1rez, Oax., 16 de marzo de 2022.- El presidente del Comit\u00e9 Directivo Estatal del Partido Revolucionario Institucional (PRI), Javier Villaca\u00f1a Jim\u00e9nez, se\u00f1al\u00f3 las incapacidades visibles de los gobiernos encabezados por Morena, desde el orden federal hasta los municipales, que en el caso de Oaxaca han mostrado incapacidad para gobernar.<\/p>\n\n\n\n<p>En conferencia de prensa, el dirigente priista manifest\u00f3 que una muestra de la inexperiencia e incapacidad de los gobiernos morenistas son Oaxaca de Ju\u00e1rez y la Villa de Zaachila, donde se han presentado problemas nunca antes vistos en la zona conurbada.<\/p>\n\n\n\n<p>Adem\u00e1s de la inseguridad que tambi\u00e9n ha golpeado a la poblaci\u00f3n, no s\u00f3lo en esta zona, sino tambi\u00e9n en la regi\u00f3n del Istmo.<\/p>\n\n\n\n<p>De forma precisa, Villaca\u00f1a Jim\u00e9nez critic\u00f3 el problema que enfrent\u00f3 el ayuntamiento de Zaachila a cargo de Rigoberto Chac\u00f3n con una agencia y el cierre del basurero municipal de la zona conurbada, pues la ineficacia de su gobierno para dar soluci\u00f3n afect\u00f3 de forma particular a la capital, gobernada por otro morenista.<\/p>\n\n\n\n<figure class=\"wp-block-embed is-type-rich is-provider-twitter wp-block-embed-twitter\"><div class=\"wp-block-embed__wrapper\">\n<div class=\"twitter-tweet\"><blockquote class=\"twitter-tweet\" data-lang=\"es\"><p lang=\"es\" dir=\"ltr\"><a href=\"https:\/\/twitter.com\/hashtag\/%C3%9AltimoMinuto?src=hash&amp;ref_src=twsrc%5Etfw\">#\u00daltimoMinuto<\/a> <br>En conferencia, el dirigente estatal del <a href=\"https:\/\/twitter.com\/PRIOaxaca_?ref_src=twsrc%5Etfw\">@PRIOaxaca_<\/a>, <a href=\"https:\/\/twitter.com\/JavierVillacana?ref_src=twsrc%5Etfw\">@JavierVillacana<\/a>, asegur\u00f3 que el partido est\u00e1 fuerte y lograr\u00e1 el triunfo el 5 de junio. <br>Critic\u00f3 el desastre de los gobiernos municipales de <a href=\"https:\/\/twitter.com\/hashtag\/Morena?src=hash&amp;ref_src=twsrc%5Etfw\">#Morena<\/a>.<br>Confirm\u00f3 candidatura com\u00fan con el PRD para la gubernatura. <a href=\"https:\/\/t.co\/0F1DGKhPtc\">pic.twitter.com\/0F1DGKhPtc<\/a><\/p>&mdash; Zona Roja Oaxaca (@ZonaRoja_Oaxaca) <a href=\"https:\/\/twitter.com\/ZonaRoja_Oaxaca\/status\/1504189726051471379?ref_src=twsrc%5Etfw\">16 de marzo de 2022<\/a><\/blockquote><\/div>\n<\/div><\/figure>\n\n\n\n<p>\u201cSon capaces de poner el pie entre ellos mismos y afectar a los capitalinos\u201d, se\u00f1al\u00f3 el ex presidente de Oaxaca de Ju\u00e1rez.<\/p>\n\n\n\n<p>CANDIDATURA COM\u00daN<\/p>\n\n\n\n<p>Ante estos cr\u00edticos escenarios, el dirigente del PRI apunt\u00f3 que es fundamental que el pr\u00f3ximo gobierno estatal cuente con un perfil con experiencia y capacidad pol\u00edtica, como es el caso del candidato com\u00fan del PRI-PRD, Alejandro Avil\u00e9s \u00c1lvarez.<\/p>\n\n\n\n<p>Tras concretarse esta candidatura com\u00fan este martes, en el l\u00edmite de la fecha del registro, Javier Villaca\u00f1a apunt\u00f3 que unidos se eleva a competencia, por lo que ya se preparan para el arranque de campa\u00f1a.<\/p>\n\n\n\n<p>Con&nbsp;una buena campa\u00f1a, con buenas propuestas y un candidato s\u00f3lido el proyecto de PRI-PRD obtendr\u00e1 el triunfo, expres\u00f3 el dirigente priista en Oaxaca.<\/p>\n","protected":false},"excerpt":{"rendered":"<p>Yuridiana Sosa\/Zona Roja. Oaxaca de Ju\u00e1rez, Oax., 16 de marzo de 2022.- El presidente del&hellip;<\/p>\n","protected":false},"author":2,"featured_media":38833,"comment_status":"closed","ping_status":"open","sticky":false,"template":"","format":"standard","meta":{"_lmt_disableupdate":"","_lmt_disable":"","_jetpack_memberships_contains_paid_content":false,"footnotes":""},"categories":[109,46],"tags":[2456],"class_list":["post-38832","post","type-post","status-publish","format-standard","has-post-thumbnail","hentry","category-minuto-a-minuto","category-zona-blanca","tag-javier-villacana-jimenez"],"jetpack_featured_media_url":"https:\/\/zonaroja.com.mx\/wp-content\/uploads\/2022\/03\/Conferencia-de-prensa-PRI-Villacana.jpg","jetpack_sharing_enabled":true,"_links":{"self":[{"href":"https:\/\/zonaroja.com.mx\/index.php?rest_route=\/wp\/v2\/posts\/38832","targetHints":{"allow":["GET"]}}],"collection":[{"href":"https:\/\/zonaroja.com.mx\/index.php?rest_route=\/wp\/v2\/posts"}],"about":[{"href":"https:\/\/zonaroja.com.mx\/index.php?rest_route=\/wp\/v2\/types\/post"}],"author":[{"embeddable":true,"href":"https:\/\/zonaroja.com.mx\/index.php?rest_route=\/wp\/v2\/users\/2"}],"replies":[{"embeddable":true,"href":"https:\/\/zonaroja.com.mx\/index.php?rest_route=%2Fwp%2Fv2%2Fcomments&post=38832"}],"version-history":[{"count":1,"href":"https:\/\/zonaroja.com.mx\/index.php?rest_route=\/wp\/v2\/posts\/38832\/revisions"}],"predecessor-version":[{"id":38834,"href":"https:\/\/zonaroja.com.mx\/index.php?rest_route=\/wp\/v2\/posts\/38832\/revisions\/38834"}],"wp:featuredmedia":[{"embeddable":true,"href":"https:\/\/zonaroja.com.mx\/index.php?rest_route=\/wp\/v2\/media\/38833"}],"wp:attachment":[{"href":"https:\/\/zonaroja.com.mx\/index.php?rest_route=%2Fwp%2Fv2%2Fmedia&parent=38832"}],"wp:term":[{"taxonomy":"category","embeddable":true,"href":"https:\/\/zonaroja.com.mx\/index.php?rest_route=%2Fwp%2Fv2%2Fcategories&post=38832"},{"taxonomy":"post_tag","embeddable":true,"href":"https:\/\/zonaroja.com.mx\/index.php?rest_route=%2Fwp%2Fv2%2Ftags&post=38832"}],"curies":[{"name":"wp","href":"https:\/\/api.w.org\/{rel}","templated":true}]}}