{"id":38835,"date":"2022-03-16T20:56:59","date_gmt":"2022-03-17T02:56:59","guid":{"rendered":"http:\/\/www.zonaroja.com.mx\/?p=38835"},"modified":"2022-03-16T20:57:01","modified_gmt":"2022-03-17T02:57:01","slug":"siete-dias-despues-resuelven-conflicto-de-zaachila-pero-siguen-protestas","status":"publish","type":"post","link":"https:\/\/zonaroja.com.mx\/?p=38835","title":{"rendered":"Siete d\u00edas despu\u00e9s, resuelven conflicto de Zaachila; pero siguen protestas"},"content":{"rendered":"\n<p>Yuridiana Sosa\/Zona Roja.<\/p>\n\n\n\n<p>Oaxaca de Ju\u00e1rez, Oax., 16 de marzo de 2022.- Diversos bloqueos, en la regi\u00f3n de Valles Centrales e Istmo, continuaron este mi\u00e9rcoles en Oaxaca, mientras que el problema del municipio de Villa de Zaachila cumpli\u00f3 siete d\u00edas con el cierre carretero y al basurero municipal y fue hasta la tarde de hoy en que solucion\u00f3.<\/p>\n\n\n\n<p>El problema en el municipio de Valles Centrales, gobernado por Morena, acapar\u00f3 la atenci\u00f3n de la Secretar\u00eda General de Gobierno (Segego), que ante un primer fracaso insisti\u00f3 en ser intermediario para que la agencia de Vicente Guerrero y el ayuntamiento de Villa de Zaachila llegaran a un acuerdo, el cual se logr\u00f3 la tarde de este mi\u00e9rcoles.<\/p>\n\n\n\n<p>La carretera federal 175 en el punto conocido como la \u201cY\u201d y el acceso al basurero municipal de la zona conurbada fueron liberados tras conseguir la autoridad auxiliar el pago de 170 mil pesos mensuales del ramo 28, adem\u00e1s de la ejecuci\u00f3n de una obra de un monto de 800 mil pesos, que no afectar\u00e1 el ramo 33 para dicha agencia.<\/p>\n\n\n\n<figure class=\"wp-block-embed is-type-rich is-provider-twitter wp-block-embed-twitter\"><div class=\"wp-block-embed__wrapper\">\n<div class=\"twitter-tweet\"><blockquote class=\"twitter-tweet\" data-lang=\"es\"><p lang=\"es\" dir=\"ltr\"><a href=\"https:\/\/twitter.com\/hashtag\/%C3%9AltimoMinuto?src=hash&amp;ref_src=twsrc%5Etfw\">#\u00daltimoMinuto<\/a> <br>Queda libre el tr\u00e1nsito de veh\u00edculos, en la carretera federal 175 Oaxaca-Puerto \u00c1ngel, al retirarse los habitantes de la agencia Vicente Guerrero, luego de siete d\u00edas de bloqueo a la vialidad. <a href=\"https:\/\/t.co\/nUsKTcEIPT\">pic.twitter.com\/nUsKTcEIPT<\/a><\/p>&mdash; Zona Roja Oaxaca (@ZonaRoja_Oaxaca) <a href=\"https:\/\/twitter.com\/ZonaRoja_Oaxaca\/status\/1504257072023711745?ref_src=twsrc%5Etfw\">17 de marzo de 2022<\/a><\/blockquote><\/div>\n<\/div><\/figure>\n\n\n\n<p>Mientras que tambi\u00e9n se report\u00f3 la \u201ctoma\u201d de las oficinas de tr\u00e1nsito en el municipio de Villa de Zaachila para exigir la liberaci\u00f3n de taxis y mototaxis piratas que fueron retenidos durante operativo en la carretera Zaachila \u2013 Zimatl\u00e1n.<\/p>\n\n\n\n<p>Adem\u00e1s, el cierre de los accesos en la poblaci\u00f3n de La Ci\u00e9nega, Zimatl\u00e1n, tambi\u00e9n en los Valles Centrales.<\/p>\n\n\n\n<p>En tanto, en la capital, los estudiantes normalistas continuaron con movilizaciones y afectaciones a la ciudadan\u00eda, ahora con el bloqueo a la circulaci\u00f3n sobre la calle de Crespo y carretera federal 190.<\/p>\n\n\n\n<p>En un inmueble del Instituto Estatal de Educaci\u00f3n P\u00fablica de Oaxaca en la capital, se mantuvieron la mayor parte del d\u00eda y por la tarde, quemaron llantas y lanzaron cohetones al interior del edificio, sin que se reportaran mayores da\u00f1os.<\/p>\n\n\n\n<figure class=\"wp-block-embed is-type-rich is-provider-twitter wp-block-embed-twitter\"><div class=\"wp-block-embed__wrapper\">\n<div class=\"twitter-tweet\"><blockquote class=\"twitter-tweet\" data-lang=\"es\"><p lang=\"es\" dir=\"ltr\"><a href=\"https:\/\/twitter.com\/hashtag\/%C3%9AltimoMinuto?src=hash&amp;ref_src=twsrc%5Etfw\">#\u00daltimoMinuto<\/a> <br>Los egresados normalistas contin\u00faan su jornada violenta para exigir una plaza de maestro.<br>Esta tarde vandalizaron una sede del IEEPO ubicada en la calle Manuel Sabino Crespo de la ciudad de <a href=\"https:\/\/twitter.com\/hashtag\/Oaxaca?src=hash&amp;ref_src=twsrc%5Etfw\">#Oaxaca<\/a>. <a href=\"https:\/\/t.co\/oBr1nGwFIz\">pic.twitter.com\/oBr1nGwFIz<\/a><\/p>&mdash; Zona Roja Oaxaca (@ZonaRoja_Oaxaca) <a href=\"https:\/\/twitter.com\/ZonaRoja_Oaxaca\/status\/1504271185932136451?ref_src=twsrc%5Etfw\">17 de marzo de 2022<\/a><\/blockquote><\/div>\n<\/div><\/figure>\n\n\n\n<p>En la regi\u00f3n del Istmo de Tehuantepec, por tercer d\u00eda consecutivo se registr\u00f3 el bloqueo en la carreteraTrans\u00edstmica 185, en el entronque a la comunidad de \u00c1lvaro Obreg\u00f3n o punto conocido como \u201cPepe y Lolita\u201d.<\/p>\n\n\n\n<p>Tambi\u00e9n&nbsp;por varias horas pobladores&nbsp;obstruyeron el paso en la carretera panor\u00e1mica 190, en el tramo Jalapa del Marqu\u00e9s-Tehuantepec, lo que impidi\u00f3 el tr\u00e1nsito por esa v\u00eda la capital del estado.<\/p>\n","protected":false},"excerpt":{"rendered":"<p>Yuridiana Sosa\/Zona Roja. Oaxaca de Ju\u00e1rez, Oax., 16 de marzo de 2022.- Diversos bloqueos, en&hellip;<\/p>\n","protected":false},"author":2,"featured_media":38836,"comment_status":"closed","ping_status":"open","sticky":false,"template":"","format":"standard","meta":{"_lmt_disableupdate":"","_lmt_disable":"","_jetpack_memberships_contains_paid_content":false,"footnotes":""},"categories":[109,47],"tags":[2264],"class_list":["post-38835","post","type-post","status-publish","format-standard","has-post-thumbnail","hentry","category-minuto-a-minuto","category-zona-gris","tag-bloqueos-y-protestas-oaxaca"],"jetpack_featured_media_url":"https:\/\/zonaroja.com.mx\/wp-content\/uploads\/2022\/03\/Protesta-normalistas-Oaxaca.jpg","jetpack_sharing_enabled":true,"_links":{"self":[{"href":"https:\/\/zonaroja.com.mx\/index.php?rest_route=\/wp\/v2\/posts\/38835","targetHints":{"allow":["GET"]}}],"collection":[{"href":"https:\/\/zonaroja.com.mx\/index.php?rest_route=\/wp\/v2\/posts"}],"about":[{"href":"https:\/\/zonaroja.com.mx\/index.php?rest_route=\/wp\/v2\/types\/post"}],"author":[{"embeddable":true,"href":"https:\/\/zonaroja.com.mx\/index.php?rest_route=\/wp\/v2\/users\/2"}],"replies":[{"embeddable":true,"href":"https:\/\/zonaroja.com.mx\/index.php?rest_route=%2Fwp%2Fv2%2Fcomments&post=38835"}],"version-history":[{"count":1,"href":"https:\/\/zonaroja.com.mx\/index.php?rest_route=\/wp\/v2\/posts\/38835\/revisions"}],"predecessor-version":[{"id":38837,"href":"https:\/\/zonaroja.com.mx\/index.php?rest_route=\/wp\/v2\/posts\/38835\/revisions\/38837"}],"wp:featuredmedia":[{"embeddable":true,"href":"https:\/\/zonaroja.com.mx\/index.php?rest_route=\/wp\/v2\/media\/38836"}],"wp:attachment":[{"href":"https:\/\/zonaroja.com.mx\/index.php?rest_route=%2Fwp%2Fv2%2Fmedia&parent=38835"}],"wp:term":[{"taxonomy":"category","embeddable":true,"href":"https:\/\/zonaroja.com.mx\/index.php?rest_route=%2Fwp%2Fv2%2Fcategories&post=38835"},{"taxonomy":"post_tag","embeddable":true,"href":"https:\/\/zonaroja.com.mx\/index.php?rest_route=%2Fwp%2Fv2%2Ftags&post=38835"}],"curies":[{"name":"wp","href":"https:\/\/api.w.org\/{rel}","templated":true}]}}