{"id":38838,"date":"2022-03-16T22:01:30","date_gmt":"2022-03-17T04:01:30","guid":{"rendered":"http:\/\/www.zonaroja.com.mx\/?p=38838"},"modified":"2022-03-16T22:01:32","modified_gmt":"2022-03-17T04:01:32","slug":"regidores-denuncian-violencia-por-parte-de-edil-martinez-neri","status":"publish","type":"post","link":"https:\/\/zonaroja.com.mx\/?p=38838","title":{"rendered":"Regidores denuncian violencia por parte de edil Mart\u00ednez Neri"},"content":{"rendered":"\n<p>Redacci\u00f3n\/Zona Roja.<\/p>\n\n\n\n<p>Oaxaca de Ju\u00e1rez, Oax., 16 de marzo de 2022.- Acuerdos \u201cal vapor\u201d, convocatorias a \u00faltima hora, decisiones unilaterales, son parte de las irregularidades en el Cabildo de Oaxaca de Ju\u00e1rez, que encabeza Francisco Mart\u00ednez Neri, del Partido Morena.<\/p>\n\n\n\n<p>As\u00ed lo denunciaron regidores emanados del PRI, en conferencia de prensa, en que lamentaron que los concejales afines al edil intentan imponer sus iniciativas, sin previa discusi\u00f3n ni mucho menos consenso.<\/p>\n\n\n\n<p>Por ello, expusieron en conferencia de prensa, determinaron no acudir este mi\u00e9rcoles a la sesi\u00f3n ordinaria de Cabildo.<\/p>\n\n\n\n<p>\u201cNo le ha dado tiempo de sacar varios temas y quiere dejar la casa de cabeza. Las cosas as\u00ed no salen, los capitalinos no merecen que votemos por acuerdos que tan siquiera nos permiten leer, ya una vez les fue mal y si contin\u00faan con esta forma de gobernar, las cosas seguir\u00e1n saliendo mal\u201d, expusieron.<\/p>\n\n\n\n<figure class=\"wp-block-embed is-type-rich is-provider-twitter wp-block-embed-twitter\"><div class=\"wp-block-embed__wrapper\">\n<div class=\"twitter-tweet\"><blockquote class=\"twitter-tweet\" data-lang=\"es\"><p lang=\"es\" dir=\"ltr\"><a href=\"https:\/\/twitter.com\/hashtag\/%C3%9AltimoMinuto?src=hash&amp;ref_src=twsrc%5Etfw\">#\u00daltimoMinuto<\/a> <br>Regidores de <a href=\"https:\/\/twitter.com\/hashtag\/Oaxaca?src=hash&amp;ref_src=twsrc%5Etfw\">#Oaxaca<\/a> de Ju\u00e1rez emanados del PRI, denunciaron violencia pol\u00edtica y exclusiones por parte del edil del <a href=\"https:\/\/twitter.com\/MunicipioOaxaca?ref_src=twsrc%5Etfw\">@MunicipioOaxaca<\/a>, el morenista <a href=\"https:\/\/twitter.com\/FMartinezNeri?ref_src=twsrc%5Etfw\">@FMartinezNeri<\/a>. <a href=\"https:\/\/t.co\/o3NycZViDT\">pic.twitter.com\/o3NycZViDT<\/a><\/p>&mdash; Zona Roja Oaxaca (@ZonaRoja_Oaxaca) <a href=\"https:\/\/twitter.com\/ZonaRoja_Oaxaca\/status\/1504213326989041664?ref_src=twsrc%5Etfw\">16 de marzo de 2022<\/a><\/blockquote><\/div>\n<\/div><\/figure>\n\n\n\n<p>Los tres regidores priistas, encabezados por Jocabed Betanzos, lamentaron que el edil Mart\u00ednez Neri siga tomando decisiones de manera improvisada, lo cual ha generado afectaciones a los capitalinos; incluso ellos mismos han tenido que retractarse de lo que avalan.<\/p>\n\n\n\n<p>\u201cNo estamos pidiendo nada incorrecto, tampoco est\u00e1 bien que ponga sobre nosotros etiquetas que no son ciertas. Para todo lo que es el ejercicio del \u00e1rea municipal se requiere tiempo de estudio.<\/p>\n\n\n\n<p>\u201cSi queremos que se empiecen a hacer bien las cosas, necesitamos que se empiece a respetar; hemos tocado temas delicad\u00edsimos que no se pueden llevar a cabo de un d\u00eda a otro, necesitamos dar buena revisi\u00f3n; hemos hecho propuestas que no son tomadas\u201d, expuso Betanzos.<\/p>\n\n\n\n<p>Confiaron en que el presidente municipal verdaderamente honre los principios de la llamada Cuarta Transformaci\u00f3n y act\u00fae a trav\u00e9s del di\u00e1logo, el consenso y los acuerdos en com\u00fan, por el bien de los habitantes de la ciudad.<\/p>\n","protected":false},"excerpt":{"rendered":"<p>Redacci\u00f3n\/Zona Roja. Oaxaca de Ju\u00e1rez, Oax., 16 de marzo de 2022.- Acuerdos \u201cal vapor\u201d, convocatorias&hellip;<\/p>\n","protected":false},"author":2,"featured_media":38839,"comment_status":"closed","ping_status":"open","sticky":false,"template":"","format":"standard","meta":{"_lmt_disableupdate":"","_lmt_disable":"","_jetpack_memberships_contains_paid_content":false,"footnotes":""},"categories":[109,47],"tags":[2418],"class_list":["post-38838","post","type-post","status-publish","format-standard","has-post-thumbnail","hentry","category-minuto-a-minuto","category-zona-gris","tag-francisco-martinez-neri"],"jetpack_featured_media_url":"https:\/\/zonaroja.com.mx\/wp-content\/uploads\/2022\/03\/Conferencia-regidores-PRI.jpg","jetpack_sharing_enabled":true,"_links":{"self":[{"href":"https:\/\/zonaroja.com.mx\/index.php?rest_route=\/wp\/v2\/posts\/38838","targetHints":{"allow":["GET"]}}],"collection":[{"href":"https:\/\/zonaroja.com.mx\/index.php?rest_route=\/wp\/v2\/posts"}],"about":[{"href":"https:\/\/zonaroja.com.mx\/index.php?rest_route=\/wp\/v2\/types\/post"}],"author":[{"embeddable":true,"href":"https:\/\/zonaroja.com.mx\/index.php?rest_route=\/wp\/v2\/users\/2"}],"replies":[{"embeddable":true,"href":"https:\/\/zonaroja.com.mx\/index.php?rest_route=%2Fwp%2Fv2%2Fcomments&post=38838"}],"version-history":[{"count":1,"href":"https:\/\/zonaroja.com.mx\/index.php?rest_route=\/wp\/v2\/posts\/38838\/revisions"}],"predecessor-version":[{"id":38840,"href":"https:\/\/zonaroja.com.mx\/index.php?rest_route=\/wp\/v2\/posts\/38838\/revisions\/38840"}],"wp:featuredmedia":[{"embeddable":true,"href":"https:\/\/zonaroja.com.mx\/index.php?rest_route=\/wp\/v2\/media\/38839"}],"wp:attachment":[{"href":"https:\/\/zonaroja.com.mx\/index.php?rest_route=%2Fwp%2Fv2%2Fmedia&parent=38838"}],"wp:term":[{"taxonomy":"category","embeddable":true,"href":"https:\/\/zonaroja.com.mx\/index.php?rest_route=%2Fwp%2Fv2%2Fcategories&post=38838"},{"taxonomy":"post_tag","embeddable":true,"href":"https:\/\/zonaroja.com.mx\/index.php?rest_route=%2Fwp%2Fv2%2Ftags&post=38838"}],"curies":[{"name":"wp","href":"https:\/\/api.w.org\/{rel}","templated":true}]}}