{"id":38844,"date":"2022-03-17T07:39:42","date_gmt":"2022-03-17T13:39:42","guid":{"rendered":"http:\/\/www.zonaroja.com.mx\/?p=38844"},"modified":"2022-03-17T07:39:44","modified_gmt":"2022-03-17T13:39:44","slug":"convierten-residencia-oficial-de-gobierno-de-oaxaca-en-centro-artesanal","status":"publish","type":"post","link":"https:\/\/zonaroja.com.mx\/?p=38844","title":{"rendered":"Convierten residencia oficial de gobierno de Oaxaca en centro artesanal"},"content":{"rendered":"\n<p>Redacci\u00f3n\/Zona Roja.<\/p>\n\n\n\n<p>Oaxaca de Ju\u00e1rez, Oax. 16 de marzo de 2022.- El gobernador Alejandro Murat Hinojosa, acompa\u00f1ado de la presidenta honoraria del Sistema DIF Oaxaca, Ivette Mor\u00e1n de Murat y funcionarios p\u00fablicos de la entidad, visitaron la \u201cCasa Ocho Regiones\u201d, un nuevo espacio de la tienda Aripo para la exhibici\u00f3n y venta de las creaciones de artesanas y artesanos oaxaque\u00f1os, ubicado en el inmueble que por a\u00f1os alberg\u00f3 la Casa Oficial del Gobierno del Estado.<\/p>\n\n\n\n<p>Al respecto, el mandatario estatal se\u00f1al\u00f3 que esta casa ser\u00e1 un centro especializado en la exhibici\u00f3n y comercializaci\u00f3n de los productos de las y los artesanos oaxaque\u00f1os, pero que tambi\u00e9n se convertir\u00e1 en un espacio de cultura para eventos y exposiciones art\u00edsticas; adem\u00e1s de que cuenta con una sala de proyecci\u00f3n, beneficiando a m\u00e1s de cinco mil personas de manera directa con una derrama econ\u00f3mica estimada de un mill\u00f3n de pesos mensuales.<\/p>\n\n\n\n<p>\u201cHoy, con estas instalaciones, Oaxaca se fortalece y nuestros artesanos y artesanas cuentan nuevamente con un espacio donde se valora, se aprecia y se difunde su trabajo. Vamos a redoblar esfuerzos para proyectar como nunca antes las artesan\u00edas de Oaxaca en los cinco continentes, porque los tiempos dif\u00edciles requieren de acciones contundentes que reactiven la econom\u00eda de este sector\u201d, se\u00f1al\u00f3.<\/p>\n\n\n\n<p>Por su parte, la presidenta honoraria del DIF Oaxaca enfatiz\u00f3 que \u00abalgo se est\u00e1 haciendo bien en Oaxaca, y se nota en la apertura de espacios como \u00e9ste que fortalecen la cultura y econom\u00eda local\u00bb.<\/p>\n\n\n\n<p>Cabe se\u00f1alar que \u201cCasa Ocho Regiones\u201d es resultado de un trabajo de coordinaci\u00f3n entre el Instituto Oaxaque\u00f1o de las Artesan\u00edas (IOA), el Sistema para el Desarrollo Integral de la Familia (DIF Oaxaca), la Secretar\u00eda de Econom\u00eda y la Secretar\u00eda de Cultura y Artes de Oaxaca (Seculta), que permitir\u00e1 albergar piezas con gran belleza y calidad representativas del arte popular en nuestro estado.<\/p>\n\n\n\n<p>En este recinto tambi\u00e9n tiene lugar la exposici\u00f3n temporal \u201cFragmentos\u201d del maestro Amador Montes y una exhibici\u00f3n \u00fanica de aut\u00e9nticos trajes tradicionales representativos de las ocho regiones titulado \u201cTextiles dignos de vestir a Donaj\u00ed\u201d, que muestra una selecci\u00f3n de tejidos y bordados que hacen patente la vitalidad del arte textil de Oaxaca, muchas de las piezas que se muestran son parte del acervo de los artesanos ganadores de concursos nacionales de arte popular. As\u00ed como un foro en el cual se presentar\u00e1n las bandas de m\u00fasica tradicional del estado.<\/p>\n\n\n\n<p>El proyecto Aripo \u201cCasa Ocho Regiones\u201d impulsado principalmente por la presidenta honoraria del Sistema DIF Estatal, Ivette Mor\u00e1n de Murat, se convierte en una nueva casa para las artesanas y artesanos oaxaque\u00f1os, que con el respaldo del distintivo \u201cHecho en Oaxaca\u201d podr\u00e1n exponer sus piezas con el sello que garantiza la autenticidad y calidad de su trabajo.<\/p>\n\n\n\n<p>A partir de este d\u00eda, Aripo y Casa Ocho Regiones ser\u00e1n puntos tur\u00edsticos abiertos de forma permanente de lunes a viernes con un horario de visita de 10:00 a 17:00 horas y los fines de semana de 11:00 a 17:00 horas para recibir a las y los visitantes locales y extranjeros.<\/p>\n","protected":false},"excerpt":{"rendered":"<p>Redacci\u00f3n\/Zona Roja. Oaxaca de Ju\u00e1rez, Oax. 16 de marzo de 2022.- El gobernador Alejandro Murat&hellip;<\/p>\n","protected":false},"author":2,"featured_media":38845,"comment_status":"closed","ping_status":"open","sticky":false,"template":"","format":"standard","meta":{"_lmt_disableupdate":"","_lmt_disable":"","_jetpack_memberships_contains_paid_content":false,"footnotes":""},"categories":[109,46],"tags":[173],"class_list":["post-38844","post","type-post","status-publish","format-standard","has-post-thumbnail","hentry","category-minuto-a-minuto","category-zona-blanca","tag-alejandro-murat-hinojosa"],"jetpack_featured_media_url":"https:\/\/zonaroja.com.mx\/wp-content\/uploads\/2022\/03\/Casa-oficial-centro-artesanal.jpeg","jetpack_sharing_enabled":true,"_links":{"self":[{"href":"https:\/\/zonaroja.com.mx\/index.php?rest_route=\/wp\/v2\/posts\/38844","targetHints":{"allow":["GET"]}}],"collection":[{"href":"https:\/\/zonaroja.com.mx\/index.php?rest_route=\/wp\/v2\/posts"}],"about":[{"href":"https:\/\/zonaroja.com.mx\/index.php?rest_route=\/wp\/v2\/types\/post"}],"author":[{"embeddable":true,"href":"https:\/\/zonaroja.com.mx\/index.php?rest_route=\/wp\/v2\/users\/2"}],"replies":[{"embeddable":true,"href":"https:\/\/zonaroja.com.mx\/index.php?rest_route=%2Fwp%2Fv2%2Fcomments&post=38844"}],"version-history":[{"count":1,"href":"https:\/\/zonaroja.com.mx\/index.php?rest_route=\/wp\/v2\/posts\/38844\/revisions"}],"predecessor-version":[{"id":38846,"href":"https:\/\/zonaroja.com.mx\/index.php?rest_route=\/wp\/v2\/posts\/38844\/revisions\/38846"}],"wp:featuredmedia":[{"embeddable":true,"href":"https:\/\/zonaroja.com.mx\/index.php?rest_route=\/wp\/v2\/media\/38845"}],"wp:attachment":[{"href":"https:\/\/zonaroja.com.mx\/index.php?rest_route=%2Fwp%2Fv2%2Fmedia&parent=38844"}],"wp:term":[{"taxonomy":"category","embeddable":true,"href":"https:\/\/zonaroja.com.mx\/index.php?rest_route=%2Fwp%2Fv2%2Fcategories&post=38844"},{"taxonomy":"post_tag","embeddable":true,"href":"https:\/\/zonaroja.com.mx\/index.php?rest_route=%2Fwp%2Fv2%2Ftags&post=38844"}],"curies":[{"name":"wp","href":"https:\/\/api.w.org\/{rel}","templated":true}]}}