{"id":38847,"date":"2022-03-17T07:51:15","date_gmt":"2022-03-17T13:51:15","guid":{"rendered":"http:\/\/www.zonaroja.com.mx\/?p=38847"},"modified":"2022-03-17T07:51:24","modified_gmt":"2022-03-17T13:51:24","slug":"proyecto-oaxaqueno-en-la-semifinal-de-america-latina-de-history-y-nissan","status":"publish","type":"post","link":"https:\/\/zonaroja.com.mx\/?p=38847","title":{"rendered":"Proyecto oaxaque\u00f1o, en la semifinal de Am\u00e9rica Latina, de History y Nissan"},"content":{"rendered":"\n<p>Yuridiana Sosa\/Zona Roja<\/p>\n\n\n\n<p>Oaxaca de Ju\u00e1rez, Oax., 17 de marzo de 2022.- El proyecto de energ\u00edas renovables Atom Solar III representa a Oaxaca en la semifinal de la s\u00e9ptima edici\u00f3n de la iniciativa \u201cUna Idea para Cambiar la Historia\u201d que desarrolla History y Nissan en Am\u00e9rica Latina.<\/p>\n\n\n\n<p>Este concurso busca el impulso de ideas emprendedoras de impacto en sus comunidades, en las que se enlistan proyectos de las \u00e1reas de tecnolog\u00eda, comunidad, salud, energ\u00eda renovable y alimentaci\u00f3n.<\/p>\n\n\n\n<p>Los j\u00f3venes oaxaque\u00f1os Mario Alberto Salgado Ramos, Ali D\u00edaz, Karina Castellanos Cruz y Aracely Salgado dise\u00f1aron y crearon el primer panel solar \u00fanico en su tipo en Am\u00e9rica Latina, el cual ofrece una novedosa soluci\u00f3n al consumo de energ\u00eda con este sistema respecto a modelos tradicionales de paneles.<\/p>\n\n\n\n<p>Creado desde Ocotl\u00e1n de Morelos, este proyecto es uno de los cinco finalistas (cuatro de origen mexicano y uno extranjero) luego de una larga y selectiva competencia entre 60 proyectos de impacto, que fueron seleccionados desde diciembre.<\/p>\n\n\n\n<p>Pero ahora necesita de la votaci\u00f3n de todos pasar a la fase final donde quedar\u00e1n tres proyectos; la etapa final de los tres primeros lugares ser\u00e1 definida nuevamente por los jueces. El ganador tendr\u00e1 como premio la grabaci\u00f3n de un documental por parte de History Channel.<\/p>\n\n\n\n<figure class=\"wp-block-image size-large\"><a href=\"http:\/\/www.zonaroja.com.mx\/wp-content\/uploads\/2022\/03\/Proyecto-Atom-Oaxaca-2.jpg\" data-rel=\"penci-gallery-image-content\" ><img decoding=\"async\" width=\"768\" height=\"1024\" src=\"http:\/\/www.zonaroja.com.mx\/wp-content\/uploads\/2022\/03\/Proyecto-Atom-Oaxaca-2-768x1024.jpg\" alt=\"\" class=\"wp-image-38849\" srcset=\"https:\/\/zonaroja.com.mx\/wp-content\/uploads\/2022\/03\/Proyecto-Atom-Oaxaca-2-768x1024.jpg 768w, https:\/\/zonaroja.com.mx\/wp-content\/uploads\/2022\/03\/Proyecto-Atom-Oaxaca-2-225x300.jpg 225w, https:\/\/zonaroja.com.mx\/wp-content\/uploads\/2022\/03\/Proyecto-Atom-Oaxaca-2-1152x1536.jpg 1152w, https:\/\/zonaroja.com.mx\/wp-content\/uploads\/2022\/03\/Proyecto-Atom-Oaxaca-2-1170x1560.jpg 1170w, https:\/\/zonaroja.com.mx\/wp-content\/uploads\/2022\/03\/Proyecto-Atom-Oaxaca-2-585x780.jpg 585w, https:\/\/zonaroja.com.mx\/wp-content\/uploads\/2022\/03\/Proyecto-Atom-Oaxaca-2.jpg 1500w\" sizes=\"(max-width: 768px) 100vw, 768px\" \/><\/a><\/figure>\n\n\n\n<p>EL PROYECTO<\/p>\n\n\n\n<p>Mario Salgado destac\u00f3 su emoci\u00f3n por este proceso que viven, con el cual&nbsp; tambi\u00e9n tienen la oportunidad de dar a conocer la entidad a nivel mundial por su \u00e1rea tecnol\u00f3gica en energ\u00edas renovables.<\/p>\n\n\n\n<p>El ingeniero detall\u00f3 que Atom Solar III cuenta con la capacidad de funcionar aut\u00f3nomamente para suministrar energ\u00eda el\u00e9ctrica, sin necesidad de una instalaci\u00f3n el\u00e9ctrica, ni ocupar de especialistas para su funcionamiento, adem\u00e1s que es port\u00e1til.<\/p>\n\n\n\n<p>Desde este panel, con una conexi\u00f3n especial, puede abastecer 20 focos tipo led, dos pantallas de televisi\u00f3n, una computadora, licuadora, entre otros aparatos a excepci\u00f3n de hornos el\u00e9ctricos u congeladores, es decir, para el funcionamiento de una oficina u hogar es suficiente, con durabilidad de 25 a\u00f1os.<\/p>\n\n\n\n<p>Este proyecto, que ya se vende en el mercado a un menor precio que los paneles convencionales, naci\u00f3 hace seis a\u00f1os, enfocado a cubrir la necesidad de los hogares de las comunidades rurales de Oaxaca, donde existen mayores carencias en energ\u00eda el\u00e9ctrica.<\/p>\n\n\n\n<p>Si deseas apoyar este proyecto ingresa a https:\/\/bit.ly\/HistATOM, tienes hasta el 28 de marzo y puedes repetir tu votaci\u00f3n cada 24 horas.<\/p>\n","protected":false},"excerpt":{"rendered":"<p>Yuridiana Sosa\/Zona Roja Oaxaca de Ju\u00e1rez, Oax., 17 de marzo de 2022.- El proyecto de&hellip;<\/p>\n","protected":false},"author":2,"featured_media":38848,"comment_status":"closed","ping_status":"open","sticky":false,"template":"","format":"standard","meta":{"_lmt_disableupdate":"","_lmt_disable":"","_jetpack_memberships_contains_paid_content":false,"footnotes":""},"categories":[109,46],"tags":[3070],"class_list":["post-38847","post","type-post","status-publish","format-standard","has-post-thumbnail","hentry","category-minuto-a-minuto","category-zona-blanca","tag-proyecto-atom-solar"],"jetpack_featured_media_url":"https:\/\/zonaroja.com.mx\/wp-content\/uploads\/2022\/03\/Proyecto-Atom-Solar.jpg","jetpack_sharing_enabled":true,"_links":{"self":[{"href":"https:\/\/zonaroja.com.mx\/index.php?rest_route=\/wp\/v2\/posts\/38847","targetHints":{"allow":["GET"]}}],"collection":[{"href":"https:\/\/zonaroja.com.mx\/index.php?rest_route=\/wp\/v2\/posts"}],"about":[{"href":"https:\/\/zonaroja.com.mx\/index.php?rest_route=\/wp\/v2\/types\/post"}],"author":[{"embeddable":true,"href":"https:\/\/zonaroja.com.mx\/index.php?rest_route=\/wp\/v2\/users\/2"}],"replies":[{"embeddable":true,"href":"https:\/\/zonaroja.com.mx\/index.php?rest_route=%2Fwp%2Fv2%2Fcomments&post=38847"}],"version-history":[{"count":1,"href":"https:\/\/zonaroja.com.mx\/index.php?rest_route=\/wp\/v2\/posts\/38847\/revisions"}],"predecessor-version":[{"id":38850,"href":"https:\/\/zonaroja.com.mx\/index.php?rest_route=\/wp\/v2\/posts\/38847\/revisions\/38850"}],"wp:featuredmedia":[{"embeddable":true,"href":"https:\/\/zonaroja.com.mx\/index.php?rest_route=\/wp\/v2\/media\/38848"}],"wp:attachment":[{"href":"https:\/\/zonaroja.com.mx\/index.php?rest_route=%2Fwp%2Fv2%2Fmedia&parent=38847"}],"wp:term":[{"taxonomy":"category","embeddable":true,"href":"https:\/\/zonaroja.com.mx\/index.php?rest_route=%2Fwp%2Fv2%2Fcategories&post=38847"},{"taxonomy":"post_tag","embeddable":true,"href":"https:\/\/zonaroja.com.mx\/index.php?rest_route=%2Fwp%2Fv2%2Ftags&post=38847"}],"curies":[{"name":"wp","href":"https:\/\/api.w.org\/{rel}","templated":true}]}}