{"id":3885,"date":"2019-09-11T22:28:34","date_gmt":"2019-09-12T03:28:34","guid":{"rendered":"http:\/\/www.zonaroja.com.mx\/?p=3885"},"modified":"2019-09-11T22:28:36","modified_gmt":"2019-09-12T03:28:36","slug":"seguridad-publica-y-vial-responsabilidad-de-todos-guzman-santos","status":"publish","type":"post","link":"https:\/\/zonaroja.com.mx\/?p=3885","title":{"rendered":"Seguridad p\u00fablica y vial, responsabilidad de todos: Guzm\u00e1n Santos"},"content":{"rendered":"\n<p>Redacci\u00f3n\/Zona\nRoja.<\/p>\n\n\n\n<p>Oaxaca de\nJu\u00e1rez, Oax., 11 de septiembre de 2019.- Las libertades que heredamos de los\nh\u00e9roes de la Independencia son por las cuales debemos seguir luchando, pero no\ncon violencia, sino con respeto a las leyes y respeto al pr\u00f3jimo.<\/p>\n\n\n\n<p>As\u00ed lo\nafirm\u00f3 el director de la Polic\u00eda Vial de Oaxaca, Jos\u00e9 Guzm\u00e1n Santos, al\npresidir este mi\u00e9rcoles la ceremonia de arr\u00edo de la Bandera Nacional, en la\nAlameda de Le\u00f3n, donde sostuvo que en materia de seguridad p\u00fablica y seguridad\nvial, la responsabilidad es de todos.<\/p>\n\n\n\n<p>En presencia\ndel titular del Secretariado Ejecutivo del Sistema Estatal de Seguridad P\u00fablica,\nJos\u00e9 Manuel Vera Salinas, as\u00ed como mandos de la corporaci\u00f3n, destac\u00f3 el trabajo\nconjunto del Presidente de M\u00e9xico, Andr\u00e9s Manuel L\u00f3pez Obrador, con el mandatario\nestatal, Alejandro Murat Hinojosa, en distintos rubros.<\/p>\n\n\n\n<p>\u201cReconocemos\nque no es f\u00e1cil la tarea que le ha tocado enfrentar al Presidente; tarea a la\nque se han sumado los gobernadores de los estados, entre ellos el de Oaxaca,\nuno de los estados m\u00e1s visitados por el se\u00f1or Presidente, y eso, es muestra de\nla preocupaci\u00f3n que tiene por nuestra tierra.<\/p>\n\n\n\n<p>\u201cEs por eso\nque la tarea del Gobierno del Estado es grande, pero el compromiso es<\/p>\n\n\n\n<p>mayor, pues\nse tiene la voluntad de hacer que las pol\u00edticas p\u00fablicas para el<\/p>\n\n\n\n<p>desarrollo\nde nuestros pueblos ind\u00edgenas\u201d, expuso.<\/p>\n\n\n\n<p>Destac\u00f3\nigualmente la aportaci\u00f3n de las mujeres en la lucha independentista, como el\ncaso de Josefa Ortiz de Dom\u00edguez.<\/p>\n\n\n\n<p>\u201cNo debemos\nolvidar que patria tambi\u00e9n es reconocer el esfuerzo y sacrificio que hacen\ndiariamente nuestras fuerzas armadas, que desde 1821 han representado\nseguridad, protecci\u00f3n y ayuda para todos los habitantes de nuestro pa\u00eds.<\/p>\n\n\n\n<p>As\u00ed tambi\u00e9n\ncada una de las corporaciones que integran nuestra Secretaria de Seguridad\nP\u00fablica, quienes d\u00eda a d\u00eda, acudimos con vocaci\u00f3n de servir a nuestra sociedad\u201d,\ndijo el titular de la Polic\u00eda Vial.<\/p>\n\n\n\n<p>Guzm\u00e1n\nSantos aprovech\u00f3 para hacer un reconocimiento y homenaje al pintor Francisco\nToledo, quien falleci\u00f3 el pasado 5 de septiembre en la capital oaxaque\u00f1a.<\/p>\n","protected":false},"excerpt":{"rendered":"<p>Redacci\u00f3n\/Zona Roja. Oaxaca de Ju\u00e1rez, Oax., 11 de septiembre de 2019.- Las libertades que heredamos&hellip;<\/p>\n","protected":false},"author":2,"featured_media":3886,"comment_status":"closed","ping_status":"open","sticky":false,"template":"","format":"standard","meta":{"_lmt_disableupdate":"","_lmt_disable":"","_jetpack_memberships_contains_paid_content":false,"footnotes":""},"categories":[109,46],"tags":[698,697],"class_list":["post-3885","post","type-post","status-publish","format-standard","has-post-thumbnail","hentry","category-minuto-a-minuto","category-zona-blanca","tag-jose-guzman-santos","tag-policia-vial-de-oaxaca"],"jetpack_featured_media_url":"https:\/\/zonaroja.com.mx\/wp-content\/uploads\/2019\/09\/Jos\u00e9-Guzm\u00e1n-Santos.jpg","jetpack_sharing_enabled":true,"_links":{"self":[{"href":"https:\/\/zonaroja.com.mx\/index.php?rest_route=\/wp\/v2\/posts\/3885","targetHints":{"allow":["GET"]}}],"collection":[{"href":"https:\/\/zonaroja.com.mx\/index.php?rest_route=\/wp\/v2\/posts"}],"about":[{"href":"https:\/\/zonaroja.com.mx\/index.php?rest_route=\/wp\/v2\/types\/post"}],"author":[{"embeddable":true,"href":"https:\/\/zonaroja.com.mx\/index.php?rest_route=\/wp\/v2\/users\/2"}],"replies":[{"embeddable":true,"href":"https:\/\/zonaroja.com.mx\/index.php?rest_route=%2Fwp%2Fv2%2Fcomments&post=3885"}],"version-history":[{"count":1,"href":"https:\/\/zonaroja.com.mx\/index.php?rest_route=\/wp\/v2\/posts\/3885\/revisions"}],"predecessor-version":[{"id":3887,"href":"https:\/\/zonaroja.com.mx\/index.php?rest_route=\/wp\/v2\/posts\/3885\/revisions\/3887"}],"wp:featuredmedia":[{"embeddable":true,"href":"https:\/\/zonaroja.com.mx\/index.php?rest_route=\/wp\/v2\/media\/3886"}],"wp:attachment":[{"href":"https:\/\/zonaroja.com.mx\/index.php?rest_route=%2Fwp%2Fv2%2Fmedia&parent=3885"}],"wp:term":[{"taxonomy":"category","embeddable":true,"href":"https:\/\/zonaroja.com.mx\/index.php?rest_route=%2Fwp%2Fv2%2Fcategories&post=3885"},{"taxonomy":"post_tag","embeddable":true,"href":"https:\/\/zonaroja.com.mx\/index.php?rest_route=%2Fwp%2Fv2%2Ftags&post=3885"}],"curies":[{"name":"wp","href":"https:\/\/api.w.org\/{rel}","templated":true}]}}