{"id":38851,"date":"2022-03-17T08:12:28","date_gmt":"2022-03-17T14:12:28","guid":{"rendered":"http:\/\/www.zonaroja.com.mx\/?p=38851"},"modified":"2022-03-17T08:12:30","modified_gmt":"2022-03-17T14:12:30","slug":"propone-diputada-entrega-de-medalla-a-mujeres-destacadas-de-oaxca","status":"publish","type":"post","link":"https:\/\/zonaroja.com.mx\/?p=38851","title":{"rendered":"Propone diputada entrega de medalla a mujeres destacadas de Oaxca"},"content":{"rendered":"\n<p>Redacci\u00f3n\/Zona Roja.<\/p>\n\n\n\n<p>Oaxaca de Ju\u00e1rez, Oax., 17 de marzo de 2022.- La presidenta de la Mesa Directiva del Congreso del Estado,&nbsp;Mariana Ben\u00edtez Tiburcio, present\u00f3 ante el pleno de la 65 Legislatura de Oaxaca&nbsp;una&nbsp;iniciativa para&nbsp;otorgar&nbsp;la medalla \u00abMar\u00eda Cristina Salmor\u00e1n\u00bb,&nbsp;a mujeres&nbsp;oaxaque\u00f1as y colectivos&nbsp;que destaquen a nivel municipal,&nbsp;estatal y nacional&nbsp;por su lucha a favor de los derechos de las mujeres.<\/p>\n\n\n\n<p>En la sesi\u00f3n ordinaria de este mi\u00e9rcoles, la legisladora expuso \u201ces&nbsp;imprescindible&nbsp;reconocer a nuestras paisanas que han dejado huella en la lucha por nuestros derechos,&nbsp;que&nbsp;han dedicado su vida y su trabajo a abrir espacios para que otras lleguen y no se queden&nbsp;atr\u00e1s, que&nbsp;alzan la voz para exigir que las v\u00edctimas de delitos de g\u00e9nero tengan&nbsp;justicia\u201d.<\/p>\n\n\n\n<p>Por eso, explic\u00f3&nbsp;que&nbsp;la&nbsp;iniciativa&nbsp;busca que&nbsp;el&nbsp;Congreso del Estado&nbsp;otorgue&nbsp;un reconocimiento que lleve el&nbsp;nombre de Mar\u00eda Cristina Salmor\u00e1n, una&nbsp;oaxaque\u00f1a destacada,&nbsp;que&nbsp;hizo historia al haberse convertido en la primer mujer ministra de la Suprema Corte y&nbsp;por toda su lucha para garantizar mayor protecci\u00f3n de los derechos laborales de la mujeres&nbsp;<\/p>\n\n\n\n<p>Si bien, dijo,\u00a0el Congreso de Oaxaca\u00a0entrega la medalla \u201cJuana Catalina Romero\u00a0Ega\u00f1a\u201d, a mujeres\u00a0destacadas en la ciencia, tecnolog\u00eda y la cultura, as\u00ed como a quienes promueven acciones sociales o resultan importantes en la vida comunitaria, la medalla \u201cMar\u00eda Cristina Salmor\u00e1n\u201d,ser\u00eda para reconocer a mujeres que han marcado y siguen marcando el curso de\u00a0la\u00a0historia, no s\u00f3lo en\u00a0el\u00a0estado, sino en\u00a0el\u00a0pa\u00eds, en la lucha por la igualdad sustantiva y derechos de las\u00a0mujeres.<\/p>\n\n\n\n<figure class=\"wp-block-embed is-type-rich is-provider-twitter wp-block-embed-twitter\"><div class=\"wp-block-embed__wrapper\">\n<div class=\"twitter-tweet\"><blockquote class=\"twitter-tweet\" data-lang=\"es\"><p lang=\"es\" dir=\"ltr\">En la sesi\u00f3n ordinaria de hoy, la diputada local <a href=\"https:\/\/twitter.com\/marianabenitezt?ref_src=twsrc%5Etfw\">@marianabenitezt<\/a> present\u00f3 una iniciativa para que el <a href=\"https:\/\/twitter.com\/CongresoOaxaca_?ref_src=twsrc%5Etfw\">@CongresoOaxaca_<\/a> reconozca cada 8 de marzo a mujeres oaxaque\u00f1as por su lucha a favor de la igualdad de su derechos y la erradicaci\u00f3n de la violencia de g\u00e9nero. <a href=\"https:\/\/t.co\/KRJ19BOxgs\">pic.twitter.com\/KRJ19BOxgs<\/a><\/p>&mdash; Zona Roja Oaxaca (@ZonaRoja_Oaxaca) <a href=\"https:\/\/twitter.com\/ZonaRoja_Oaxaca\/status\/1504266176276353026?ref_src=twsrc%5Etfw\">17 de marzo de 2022<\/a><\/blockquote><\/div>\n<\/div><\/figure>\n\n\n\n<p>Durante su intervenci\u00f3n en tribuna, Ben\u00edtez Tiburcio&nbsp;record\u00f3 que&nbsp;la&nbsp;oaxaque\u00f1a Mar\u00eda Cristina Salmor\u00e1n,&nbsp;estudi\u00f3&nbsp;la primaria y secundaria en&nbsp;Oaxaca. Su carrera de abogac\u00eda lahizo&nbsp;en la Ciudad de&nbsp;M\u00e9xico,&nbsp;y siendo alumna&nbsp;entr\u00f3&nbsp;a trabajar en la Junta Federal de Conciliaci\u00f3n y Arbitraje&nbsp;como&nbsp;mecan\u00f3grafa, donde conoci\u00f3 a detalle los problemas&nbsp;que enfrentaban las madres&nbsp;solteras y sus familias.&nbsp;\u201cTodos esos asuntos&nbsp;hicieron&nbsp;que tuviera vocaci\u00f3n&nbsp;social, por lo que en 1954&nbsp;fue nombrada presidenta de&nbsp;la Junta Federal de Conciliaci\u00f3n y&nbsp;Arbitraje\u201d, detall\u00f3.<\/p>\n\n\n\n<p>Mientras&nbsp;que&nbsp;en 1961&nbsp;pas\u00f3&nbsp;a la historia como la&nbsp;primera mujer&nbsp;ministra en la Suprema Corte de Justicia de la&nbsp;Naci\u00f3n y a pesar de&nbsp;los comentarios&nbsp;mis\u00f3ginos&nbsp;de los&nbsp;abogados, Mar\u00eda&nbsp;Cristina no demostr\u00f3&nbsp;debilidad, pero s\u00ed&nbsp;una gran&nbsp;capacidad para conciliar&nbsp;y solventar los problemas que se presentaban.<\/p>\n\n\n\n<p>Ben\u00edtez Tiburcio detall\u00f3&nbsp;que se trata de un orgullo&nbsp;hablar de&nbsp;Mar\u00eda Cristina Salmor\u00e1n, \u201cel ver su retrato en la Suprema Corte de&nbsp;Justicia de la Naci\u00f3n, esta&nbsp;oaxaque\u00f1a&nbsp;quien fuera pionera en su \u00e1mbito y&nbsp;que puso muy en alto&nbsp;a nuestro&nbsp;estado\u201d.<\/p>\n\n\n\n<p>Por ello, mencion\u00f3 que&nbsp;la&nbsp;propuesta es para que,&nbsp;a\u00f1o con a\u00f1o, en el marco del 8 de marzo, D\u00eda Internacional de la&nbsp;Mujer,&nbsp;se d\u00e9&nbsp;este reconocimiento a&nbsp;una mujer&nbsp;o a&nbsp;un colectivo entero por su labor invaluable&nbsp;en actividades a favor de los derechos de las&nbsp;mujeres y&nbsp;a favor&nbsp;la erradicaci\u00f3n de toda forma de&nbsp;violencia.<\/p>\n\n\n\n<p>\u00abReconocer a grandes mujeres por su lucha incansable y seguir construyendo el camino para las generaciones futuras de las mujeres oaxaque\u00f1as, ser\u00e1 un compromiso y camino permanente en este Congreso\u00bb, concluy\u00f3.<\/p>\n","protected":false},"excerpt":{"rendered":"<p>Redacci\u00f3n\/Zona Roja. Oaxaca de Ju\u00e1rez, Oax., 17 de marzo de 2022.- La presidenta de la&hellip;<\/p>\n","protected":false},"author":2,"featured_media":38852,"comment_status":"closed","ping_status":"open","sticky":false,"template":"","format":"standard","meta":{"_lmt_disableupdate":"","_lmt_disable":"","_jetpack_memberships_contains_paid_content":false,"footnotes":""},"categories":[109,46],"tags":[2969],"class_list":["post-38851","post","type-post","status-publish","format-standard","has-post-thumbnail","hentry","category-minuto-a-minuto","category-zona-blanca","tag-mariana-benitez-tiburcio"],"jetpack_featured_media_url":"https:\/\/zonaroja.com.mx\/wp-content\/uploads\/2022\/03\/Mariana-Benitez-3.jpg","jetpack_sharing_enabled":true,"_links":{"self":[{"href":"https:\/\/zonaroja.com.mx\/index.php?rest_route=\/wp\/v2\/posts\/38851","targetHints":{"allow":["GET"]}}],"collection":[{"href":"https:\/\/zonaroja.com.mx\/index.php?rest_route=\/wp\/v2\/posts"}],"about":[{"href":"https:\/\/zonaroja.com.mx\/index.php?rest_route=\/wp\/v2\/types\/post"}],"author":[{"embeddable":true,"href":"https:\/\/zonaroja.com.mx\/index.php?rest_route=\/wp\/v2\/users\/2"}],"replies":[{"embeddable":true,"href":"https:\/\/zonaroja.com.mx\/index.php?rest_route=%2Fwp%2Fv2%2Fcomments&post=38851"}],"version-history":[{"count":1,"href":"https:\/\/zonaroja.com.mx\/index.php?rest_route=\/wp\/v2\/posts\/38851\/revisions"}],"predecessor-version":[{"id":38853,"href":"https:\/\/zonaroja.com.mx\/index.php?rest_route=\/wp\/v2\/posts\/38851\/revisions\/38853"}],"wp:featuredmedia":[{"embeddable":true,"href":"https:\/\/zonaroja.com.mx\/index.php?rest_route=\/wp\/v2\/media\/38852"}],"wp:attachment":[{"href":"https:\/\/zonaroja.com.mx\/index.php?rest_route=%2Fwp%2Fv2%2Fmedia&parent=38851"}],"wp:term":[{"taxonomy":"category","embeddable":true,"href":"https:\/\/zonaroja.com.mx\/index.php?rest_route=%2Fwp%2Fv2%2Fcategories&post=38851"},{"taxonomy":"post_tag","embeddable":true,"href":"https:\/\/zonaroja.com.mx\/index.php?rest_route=%2Fwp%2Fv2%2Ftags&post=38851"}],"curies":[{"name":"wp","href":"https:\/\/api.w.org\/{rel}","templated":true}]}}