{"id":38854,"date":"2022-03-17T08:19:24","date_gmt":"2022-03-17T14:19:24","guid":{"rendered":"http:\/\/www.zonaroja.com.mx\/?p=38854"},"modified":"2022-03-17T08:19:26","modified_gmt":"2022-03-17T14:19:26","slug":"toma-el-ieepco-previsiones-ante-eventuales-actos-en-elecciones-extraordinarias","status":"publish","type":"post","link":"https:\/\/zonaroja.com.mx\/?p=38854","title":{"rendered":"Toma el IEEPCO previsiones ante eventuales actos, en elecciones extraordinarias"},"content":{"rendered":"\n<p>Redacci\u00f3n\/Zona Roja.<\/p>\n\n\n\n<p>Oaxaca de Ju\u00e1rez, Oax., 17 de marzo de 2022.- El Consejo General del Instituto Estatal Electoral y Participaci\u00f3n Ciudadana de Oaxaca aprob\u00f3 medidas extraordinarias para la continuaci\u00f3n del Proceso Electoral Extraordinario en curso, en el distrito o municipios cuyas circunstancias de caso fortuito y de fuerza mayor no permitan las condiciones o impidan la implementaci\u00f3n ordinaria de sus actividades durante la jornada electoral y en los c\u00f3mputos de sus respectivas competencias.&nbsp; &nbsp;&nbsp;&nbsp;<\/p>\n\n\n\n<p>As\u00ed lo determinaron en sesi\u00f3n extraordinaria urgente, la consejera presidenta Elizabeth S\u00e1nchez Gonz\u00e1lez; las consejeras electorales Carmelita Sibaja Ochoa, Jessica Jazibe Hern\u00e1ndez Garc\u00eda, Nayma Enr\u00edquez Estrada y Zaira Alhel\u00ed Hip\u00f3lito L\u00f3pez; as\u00ed como los consejeros Alejandro Carrasco Sampedro y Wilfrido Lulio Almaraz Santib\u00e1\u00f1ez.&nbsp;&nbsp;&nbsp; &nbsp;&nbsp;&nbsp;<\/p>\n\n\n\n<p>En este mismo sentido, aprobaron la realizaci\u00f3n de verificaciones de las medidas de seguridad de las boletas, actas electorales y l\u00edquido indeleble de las Elecciones Extraordinarias a celebrarse el pr\u00f3ximo domingo 27 de marzo.&nbsp; &nbsp;&nbsp;&nbsp;<\/p>\n\n\n\n<p>Quienes integran el Consejo General del IEEPCO tambi\u00e9n aprobaron el ajuste a los formatos de constancia individual de resultados electorales de punto de recuento, que ser\u00e1n utilizados en las elecciones; as\u00ed como determinaron como \u00d3rgano de Enlace con el Instituto Nacional Electoral (INE), para los asuntos relacionados con el Servicio Profesional Electoral Nacional (SPEN), a la Coordinaci\u00f3n Administrativa del Instituto.\u00a0 \u00a0\u00a0\u00a0<\/p>\n\n\n\n<figure class=\"wp-block-embed is-type-rich is-provider-twitter wp-block-embed-twitter\"><div class=\"wp-block-embed__wrapper\">\n<div class=\"twitter-tweet\"><blockquote class=\"twitter-tweet\" data-lang=\"es\"><p lang=\"es\" dir=\"ltr\">Coordinados el 19 Consejo Distrital Electoral de Salina Cruz del <a href=\"https:\/\/twitter.com\/hashtag\/IEEPCO?src=hash&amp;ref_src=twsrc%5Etfw\">#IEEPCO<\/a> y el 07 Consejo Distrital del <a href=\"https:\/\/twitter.com\/INE_Oaxaca?ref_src=twsrc%5Etfw\">@INE_Oaxaca<\/a>, impulsamos la firma del Pacto de Civilidad entre candidatas y candidato de concejal\u00edas al Ayto. de Santa Ma. Xadani. \u00a1Participa, cu\u00eddate y vota! | <a href=\"https:\/\/twitter.com\/Bidxa_a?ref_src=twsrc%5Etfw\">@Bidxa_a<\/a> <a href=\"https:\/\/t.co\/2DILt9WwJU\">pic.twitter.com\/2DILt9WwJU<\/a><\/p>&mdash; IEEPCO (@IEEPCO) <a href=\"https:\/\/twitter.com\/IEEPCO\/status\/1504142703738585088?ref_src=twsrc%5Etfw\">16 de marzo de 2022<\/a><\/blockquote><\/div>\n<\/div><\/figure>\n\n\n\n<p>Durante la sesi\u00f3n declararon improcedente la solicitud de dos personas de suspender la elecci\u00f3n en Santa Mar\u00eda Mixtequilla y se realiz\u00f3 un exhorto a los partidos pol\u00edticos y habitantes de dicha demarcaci\u00f3n, a conducirse con estricto apego a la normatividad y respeto a los derechos pol\u00edtico-electorales de la ciudadan\u00eda.&nbsp; &nbsp;&nbsp;&nbsp;<\/p>\n\n\n\n<p>En este mismo sentido, reiteraron la petici\u00f3n a los cuerpos de seguridad para que garanticen las condiciones necesarias hasta la conclusi\u00f3n del Proceso Electoral Extraordinario 2021- 2022, ello con estricto apego a los derechos humanos de las personas.&nbsp; &nbsp;&nbsp;&nbsp;<\/p>\n\n\n\n<p>Por otra parte, las consejeras y consejeros electorales exhortaron a los partidos pol\u00edticos, a las organizaciones pol\u00edticas y sociales, as\u00ed como a las candidaturas independientes abstenerse de intervenir en los procesos electivos de los 417 municipios que se rigen por Sistemas Normativos Ind\u00edgenas.&nbsp; &nbsp;&nbsp;<\/p>\n\n\n\n<p>Al respecto las consejeras Nayma Enr\u00edquez Estrada y Zaira Alhel\u00ed Hip\u00f3lito L\u00f3pez coincidieron en la necesidad de que se respeten las decisiones aut\u00f3nomas al interior de las comunidades ind\u00edgenas y recordaron que el Instituto tiene las puertas abiertas para quienes ah\u00ed habitan.&nbsp; &nbsp;&nbsp;&nbsp;<\/p>\n\n\n\n<p>Finalmente, con mayor\u00eda de votos, validaron las elecciones extraordinarias de las sindicaturas municipales de Santa Catarina Ticu\u00e1 y San Miguel Yotao, debido a la renuncia de la persona electa previamente; as\u00ed como avalaron la elecci\u00f3n ordinaria de concejal\u00edas al ayuntamiento del municipio de Santiago Ixcuintepec.&nbsp;<\/p>\n","protected":false},"excerpt":{"rendered":"<p>Redacci\u00f3n\/Zona Roja. Oaxaca de Ju\u00e1rez, Oax., 17 de marzo de 2022.- El Consejo General del&hellip;<\/p>\n","protected":false},"author":2,"featured_media":38855,"comment_status":"closed","ping_status":"open","sticky":false,"template":"","format":"standard","meta":{"_lmt_disableupdate":"","_lmt_disable":"","_jetpack_memberships_contains_paid_content":false,"footnotes":""},"categories":[109,46],"tags":[2932],"class_list":["post-38854","post","type-post","status-publish","format-standard","has-post-thumbnail","hentry","category-minuto-a-minuto","category-zona-blanca","tag-instituto-estatal-electoral-y-de-participacion-ciudadana-de-oaxaca-ieepco"],"jetpack_featured_media_url":"https:\/\/zonaroja.com.mx\/wp-content\/uploads\/2022\/03\/IEEPCO-PREP-elecciones.jpeg","jetpack_sharing_enabled":true,"_links":{"self":[{"href":"https:\/\/zonaroja.com.mx\/index.php?rest_route=\/wp\/v2\/posts\/38854","targetHints":{"allow":["GET"]}}],"collection":[{"href":"https:\/\/zonaroja.com.mx\/index.php?rest_route=\/wp\/v2\/posts"}],"about":[{"href":"https:\/\/zonaroja.com.mx\/index.php?rest_route=\/wp\/v2\/types\/post"}],"author":[{"embeddable":true,"href":"https:\/\/zonaroja.com.mx\/index.php?rest_route=\/wp\/v2\/users\/2"}],"replies":[{"embeddable":true,"href":"https:\/\/zonaroja.com.mx\/index.php?rest_route=%2Fwp%2Fv2%2Fcomments&post=38854"}],"version-history":[{"count":1,"href":"https:\/\/zonaroja.com.mx\/index.php?rest_route=\/wp\/v2\/posts\/38854\/revisions"}],"predecessor-version":[{"id":38856,"href":"https:\/\/zonaroja.com.mx\/index.php?rest_route=\/wp\/v2\/posts\/38854\/revisions\/38856"}],"wp:featuredmedia":[{"embeddable":true,"href":"https:\/\/zonaroja.com.mx\/index.php?rest_route=\/wp\/v2\/media\/38855"}],"wp:attachment":[{"href":"https:\/\/zonaroja.com.mx\/index.php?rest_route=%2Fwp%2Fv2%2Fmedia&parent=38854"}],"wp:term":[{"taxonomy":"category","embeddable":true,"href":"https:\/\/zonaroja.com.mx\/index.php?rest_route=%2Fwp%2Fv2%2Fcategories&post=38854"},{"taxonomy":"post_tag","embeddable":true,"href":"https:\/\/zonaroja.com.mx\/index.php?rest_route=%2Fwp%2Fv2%2Ftags&post=38854"}],"curies":[{"name":"wp","href":"https:\/\/api.w.org\/{rel}","templated":true}]}}