{"id":38857,"date":"2022-03-17T08:26:07","date_gmt":"2022-03-17T14:26:07","guid":{"rendered":"http:\/\/www.zonaroja.com.mx\/?p=38857"},"modified":"2022-03-17T08:26:09","modified_gmt":"2022-03-17T14:26:09","slug":"cuestionan-actuar-del-gobierno-de-mexico-en-violencia-contra-comunicadores","status":"publish","type":"post","link":"https:\/\/zonaroja.com.mx\/?p=38857","title":{"rendered":"Cuestionan actuar del gobierno de M\u00e9xico en violencia contra comunicadores"},"content":{"rendered":"\n<p>Redacci\u00f3n\/Zona Roja Cdmx.<\/p>\n\n\n\n<p>Ciudad de M\u00e9xico, 17 de marzo de 2022.- Organizaciones internacionales as\u00ed como el embajador de Estados Unidos en M\u00e9xico lamentaron el asesinato de Armando Linares, periodista y director de \u201cMonitor Michoac\u00e1n\u201d, con el que suman ocho comunicadores ultimados en lo que va del a\u00f1o.<\/p>\n\n\n\n<p>El presidente de la Sociedad Interamericana de Prensa (SIP), Jorge Canahuati indic\u00f3 que si bien la invasi\u00f3n de Rusia a Ucrania concentra la atenci\u00f3n en temas de violencia en contra de periodistas, no se debe olvidar lo que pasa en nuestro pa\u00eds.<\/p>\n\n\n\n<p>\u201cLos periodistas viven atrapados y enfrentando desde hace a\u00f1os ataques violentos, sin siquiera recibir la atenci\u00f3n debida de su propio gobierno, que reacciona a la defensiva ante cada reclamo\u201d, indic\u00f3.<\/p>\n\n\n\n<p>Por su parte, Carlos Jornet, presidente de la Comisi\u00f3n de Libertad de Prensa e Informaci\u00f3n de la SIP, recalc\u00f3 que el presidente de M\u00e9xico, Andr\u00e9s Manuel L\u00f3pez Obrador, tiene que tomar cartas en el asunto y atienda los m\u00faltiples reclamos a nivel \u201cnacional e internacional para que cree estrategias adicionales para la seguridad de periodistas\u00bb.<\/p>\n\n\n\n<p>La SIP reconoci\u00f3 que en 74 d\u00edas transcurridos desde el inicio del a\u00f1o, el 2022 se acerca al total de periodistas asesinados en M\u00e9xico en el 2021, cuando se contabilizaron nueve. Estim\u00f3 que de si no se adoptan medidas para contener estos hechos de violencia y sigue la tendencia al alza, la cifra llegar\u00eda a 40.<\/p>\n\n\n\n<p>Por su parte, Amnist\u00eda Internacional M\u00e9xico se sum\u00f3 al llamado del Parlamento Europeo de hace unos en el que ped\u00eda a las autoridades nacionales garantizar la protecci\u00f3n de periodistas y activistas.<\/p>\n\n\n\n<p>La organizaci\u00f3n defensora de derechos humanos, pidi\u00f3 a las autoridades se abstengan de publicar cualquier comunicaci\u00f3n que pueda \u201cestigmatizar\u201d a activistas, periodistas y trabajadores de los medios y, \u201ccon ello, exacerbar el ambiente contra ellos o distorsionar sus l\u00edneas de investigaci\u00f3n\u201d.<\/p>\n\n\n\n<p>De igual modo, solicit\u00f3 que se fortalezca el Mecanismo de Protecci\u00f3n y se implemente una pol\u00edtica p\u00fablica integral de protecci\u00f3n.<\/p>\n\n\n\n<p>Por \u00faltimo, el embajador de EU en M\u00e9xico, Ken Salazar adem\u00e1s de lamentar el hecho, se\u00f1al\u00f3 que su gobierno apoya a las autoridades, quienes act\u00faan r\u00e1pido para investigar este caso, dar con los responsables, y ofrecer justicia a Armando y a su familia\u201d.<\/p>\n\n\n\n<p>AMENAZAN A REPORTEROS<\/p>\n\n\n\n<p>Reporteros recibieron amenazas de un hombre armado en donde se realizaba el velorio del periodista Armando Linares, quien fue asesinado el martes 15 de marzo en Zit\u00e1cuaro, Michoac\u00e1n.<\/p>\n\n\n\n<p>Edgar Ledesma, reportero de \u201cMilenio\u201d, denunci\u00f3 este mi\u00e9rcoles, durante la transmisi\u00f3n en Milenio Televisi\u00f3n, que una persona \u00abcon pistola en mano\u00bb se acerc\u00f3 a \u00e9l y sus compa\u00f1eros, quienes acudieron para realizar la cobertura del servicio f\u00fanebre y les orden\u00f3 que se retiraran del lugar.<\/p>\n\n\n\n<p>Est\u00e1bamos cubriendo el velorio del colega Armando Linares, cuando un sujeto con pistola en mano nos amenaz\u00f3 con que nos fu\u00e9ramos\u00bb, escribi\u00f3 Edgar Ledesma en su cuenta de Twitter.&nbsp;<\/p>\n\n\n\n<p>Tras los comentarios de Ledesma, la Fiscal\u00eda General de Michoac\u00e1n public\u00f3 en su cuenta de Twitter que se encarg\u00f3 de \u00abverificar el cumplimiento a las medidas de protecci\u00f3n ordenadas por el Ministerio P\u00fablico\u00bb, y comparti\u00f3 fotograf\u00edas del operativo en las inmediaciones del velorio de Linares.<\/p>\n\n\n\n<p>El director del sitio de noticias \u201cMonitor Michoac\u00e1n\u201d, Armando Linares fue asesinado la tarde del martes 15 de marzo en su domicilio ubicado en la colonia Carabanchel, en Zit\u00e1cuaro, Michoac\u00e1n.<\/p>\n\n\n\n<p>Apenas el 31 de enero pasado, d\u00eda en que fue asesinado su compa\u00f1ero Roberto Toledo, colaborador de Monitor Michoac\u00e1n, Armando Linares L\u00f3pez dijo temer por su vida ante las amenazas recibidas por su trabajo.<\/p>\n\n\n\n<p>Violencia contra periodistas<\/p>\n\n\n\n<p>Apenas hace dos semanas se report\u00f3 el homicidio de Juan Carlos Mu\u00f1iz, quien era reportero en Fresnillo, Zacatecas.<\/p>\n\n\n\n<p>El 22 de febrero se report\u00f3 el asesinato de Jorge Camero, en Sonora; el 10 de febrero, Heber L\u00f3pez fue asesinado en Oaxaca; el 31 de enero, Roberto Toledo en Michoac\u00e1n; el 23 de enero, Lourdes Maldonado, en Baja California.<\/p>\n\n\n\n<p>El 17 de enero, Margarito Mart\u00ednez fue asesinado en Baja California. Mientras que el 10 de enero Jos\u00e9 Luis Gamboa fue atacado en Veracruz.<\/p>\n\n\n\n<p>(Informaci\u00f3n de \u201cEl Economista\u201d)<\/p>\n","protected":false},"excerpt":{"rendered":"<p>Redacci\u00f3n\/Zona Roja Cdmx. Ciudad de M\u00e9xico, 17 de marzo de 2022.- Organizaciones internacionales as\u00ed como&hellip;<\/p>\n","protected":false},"author":2,"featured_media":38858,"comment_status":"closed","ping_status":"open","sticky":false,"template":"","format":"standard","meta":{"_lmt_disableupdate":"","_lmt_disable":"","_jetpack_memberships_contains_paid_content":false,"footnotes":""},"categories":[109,47],"tags":[1016],"class_list":["post-38857","post","type-post","status-publish","format-standard","has-post-thumbnail","hentry","category-minuto-a-minuto","category-zona-gris","tag-asesinato-de-periodistas-en-mexico"],"jetpack_featured_media_url":"https:\/\/zonaroja.com.mx\/wp-content\/uploads\/2022\/03\/Asesinato-periodista-Armando-Linares.jpeg","jetpack_sharing_enabled":true,"_links":{"self":[{"href":"https:\/\/zonaroja.com.mx\/index.php?rest_route=\/wp\/v2\/posts\/38857","targetHints":{"allow":["GET"]}}],"collection":[{"href":"https:\/\/zonaroja.com.mx\/index.php?rest_route=\/wp\/v2\/posts"}],"about":[{"href":"https:\/\/zonaroja.com.mx\/index.php?rest_route=\/wp\/v2\/types\/post"}],"author":[{"embeddable":true,"href":"https:\/\/zonaroja.com.mx\/index.php?rest_route=\/wp\/v2\/users\/2"}],"replies":[{"embeddable":true,"href":"https:\/\/zonaroja.com.mx\/index.php?rest_route=%2Fwp%2Fv2%2Fcomments&post=38857"}],"version-history":[{"count":1,"href":"https:\/\/zonaroja.com.mx\/index.php?rest_route=\/wp\/v2\/posts\/38857\/revisions"}],"predecessor-version":[{"id":38859,"href":"https:\/\/zonaroja.com.mx\/index.php?rest_route=\/wp\/v2\/posts\/38857\/revisions\/38859"}],"wp:featuredmedia":[{"embeddable":true,"href":"https:\/\/zonaroja.com.mx\/index.php?rest_route=\/wp\/v2\/media\/38858"}],"wp:attachment":[{"href":"https:\/\/zonaroja.com.mx\/index.php?rest_route=%2Fwp%2Fv2%2Fmedia&parent=38857"}],"wp:term":[{"taxonomy":"category","embeddable":true,"href":"https:\/\/zonaroja.com.mx\/index.php?rest_route=%2Fwp%2Fv2%2Fcategories&post=38857"},{"taxonomy":"post_tag","embeddable":true,"href":"https:\/\/zonaroja.com.mx\/index.php?rest_route=%2Fwp%2Fv2%2Ftags&post=38857"}],"curies":[{"name":"wp","href":"https:\/\/api.w.org\/{rel}","templated":true}]}}