{"id":38867,"date":"2022-03-17T15:41:43","date_gmt":"2022-03-17T21:41:43","guid":{"rendered":"http:\/\/www.zonaroja.com.mx\/?p=38867"},"modified":"2022-03-17T15:42:23","modified_gmt":"2022-03-17T21:42:23","slug":"una-decada-de-lucha-justicia-y-cancelacion-de-proyectos-mineros-exigen","status":"publish","type":"post","link":"https:\/\/zonaroja.com.mx\/?p=38867","title":{"rendered":"Una d\u00e9cada de lucha: justicia y cancelaci\u00f3n de proyectos mineros, exigen"},"content":{"rendered":"\n<p>Yuridiana Sosa\/ Zona Roja.<\/p>\n\n\n\n<p>Oaxaca de Ju\u00e1rez, Oax., 17 de marzo de 2022.- A 10 a\u00f1os de lucha social contra el proyecto minero \u201cSan Jos\u00e9 II\u201d en los valles de Ocotl\u00e1n, Ejutla y Tlacolula, de los Valles Centrales de Oaxaca, sus habitantes y autoridades sostienen su exigencia de cancelaci\u00f3n a los trabajos de explotaci\u00f3n de la tierra por parte de la empresa Minera Cuzcatl\u00e1n, justicia por los asesinatos que ha dejado esta defensa y respeto a los derechos humanos de los pueblos.<\/p>\n\n\n\n<p>Integrantes de \u201cFrente no a la miner\u00eda por un futuro de todas y todos\u201d, conformado por 12 comunidades de Oaxaca, ofrecieron un informe al p\u00fablico sobre la violencia a los derechos humanos que autoridades federales, estatales y la empresa han cometido contra ellos al permitir este proyecto.<\/p>\n\n\n\n<p>En el transcurso de esta defensa comunitaria, dos pobladores activistas, Bernardo M\u00e9ndez y Bernardo V\u00e1zquez, fueron asesinados y por los que a\u00fan no hay justicia, mientras que en la actualidad los habitantes son v\u00edctimas de las amenazas para que la empresa, filial de la compa\u00f1\u00eda canadiense Fortuna Silver Mines, siga sus labores.<\/p>\n\n\n\n<figure class=\"wp-block-embed is-type-rich is-provider-twitter wp-block-embed-twitter\"><div class=\"wp-block-embed__wrapper\">\n<div class=\"twitter-tweet\"><blockquote class=\"twitter-tweet\" data-lang=\"es\"><p lang=\"es\" dir=\"ltr\"><a href=\"https:\/\/twitter.com\/hashtag\/ENVIVO?src=hash&amp;ref_src=twsrc%5Etfw\">#ENVIVO<\/a> <br>Oaxaca de Ju\u00e1rez, Oax., 17 de marzo de 2022.- Conferencia de prensa de organismos civiles sobre violaci\u00f3n a derechos humanos de pueblos de los Valles Centrales de Oaxaca.<br><br>Aqu\u00ed la transmisi\u00f3n:<br>\ud83d\udc47<a href=\"https:\/\/t.co\/mbwyKrNnc5\">https:\/\/t.co\/mbwyKrNnc5<\/a> <a href=\"https:\/\/t.co\/gyoLu34ftr\">pic.twitter.com\/gyoLu34ftr<\/a><\/p>&mdash; Zona Roja Oaxaca (@ZonaRoja_Oaxaca) <a href=\"https:\/\/twitter.com\/ZonaRoja_Oaxaca\/status\/1504512065620234255?ref_src=twsrc%5Etfw\">17 de marzo de 2022<\/a><\/blockquote><\/div>\n<\/div><\/figure>\n\n\n\n<p>El encuentro de este jueves se sostuvo con el objetivo de evidenciar los impactos negativos a los derechos humanos producidos por el proyecto minero, construir argumentos jur\u00eddicos para el respeto y garant\u00eda de los derechos del pueblo, interpelar al Estado Mexicano sobre la importancia del respeto de los derechos ind\u00edgenas frente proyecto de inversi\u00f3n y evidenciar las grandes desigualdades existentes entre el sector minero y las comunidades afectadas en el pa\u00eds.<\/p>\n\n\n\n<p>Durante el conversatorio entre activistas, frente a habitantes e interesados en la lucha, se\u00f1alaron la m\u00e1s reciente violaci\u00f3n a sus derechos por parte de la Secretar\u00eda de Medio Ambiente y Recursos Naturales al otorgar otro permiso por 10 a\u00f1os de explotaci\u00f3n a la empresa en medio de un supuesto proceso de consulta.<\/p>\n\n\n\n<p>Sin embargo, desde hace una d\u00e9cada sufren de los impactos ambientales y la pobreza que ha dejado el proyecto minero.<\/p>\n\n\n\n<p>El integrante del Frente, Nezftal\u00ed M\u00e9ndez, apunt\u00f3 que mientras la poblaci\u00f3n mantuvo un estricto resguardo por la pandemia de Covid, vivida desde las carencias, la empresa contin\u00faa con los trabajos para la explotaci\u00f3n del oro y plata en la zona, lo que encendi\u00f3 el enojo y frustraci\u00f3n de los pueblos.<\/p>\n\n\n\n<p>Por su parte, Beningno Antonio Garc\u00eda destac\u00f3 que a la llegada del proyecto por primera vez algunas comunidades no cre\u00edan en el fuerte impacto negativo que \u00e9ste podr\u00eda tener, y tuvo, sobre las poblaciones, por eso hoy nadie cree que sea de beneficio.<\/p>\n","protected":false},"excerpt":{"rendered":"<p>Yuridiana Sosa\/ Zona Roja. Oaxaca de Ju\u00e1rez, Oax., 17 de marzo de 2022.- A 10&hellip;<\/p>\n","protected":false},"author":2,"featured_media":38868,"comment_status":"closed","ping_status":"open","sticky":false,"template":"","format":"standard","meta":{"_lmt_disableupdate":"","_lmt_disable":"","_jetpack_memberships_contains_paid_content":false,"footnotes":""},"categories":[109,47],"tags":[2326],"class_list":["post-38867","post","type-post","status-publish","format-standard","has-post-thumbnail","hentry","category-minuto-a-minuto","category-zona-gris","tag-compania-minera-cuzcatlan"],"jetpack_featured_media_url":"https:\/\/zonaroja.com.mx\/wp-content\/uploads\/2022\/03\/Informe-sobre-violacion-a-derechos-humanos-mineras.jpg","jetpack_sharing_enabled":true,"_links":{"self":[{"href":"https:\/\/zonaroja.com.mx\/index.php?rest_route=\/wp\/v2\/posts\/38867","targetHints":{"allow":["GET"]}}],"collection":[{"href":"https:\/\/zonaroja.com.mx\/index.php?rest_route=\/wp\/v2\/posts"}],"about":[{"href":"https:\/\/zonaroja.com.mx\/index.php?rest_route=\/wp\/v2\/types\/post"}],"author":[{"embeddable":true,"href":"https:\/\/zonaroja.com.mx\/index.php?rest_route=\/wp\/v2\/users\/2"}],"replies":[{"embeddable":true,"href":"https:\/\/zonaroja.com.mx\/index.php?rest_route=%2Fwp%2Fv2%2Fcomments&post=38867"}],"version-history":[{"count":2,"href":"https:\/\/zonaroja.com.mx\/index.php?rest_route=\/wp\/v2\/posts\/38867\/revisions"}],"predecessor-version":[{"id":38870,"href":"https:\/\/zonaroja.com.mx\/index.php?rest_route=\/wp\/v2\/posts\/38867\/revisions\/38870"}],"wp:featuredmedia":[{"embeddable":true,"href":"https:\/\/zonaroja.com.mx\/index.php?rest_route=\/wp\/v2\/media\/38868"}],"wp:attachment":[{"href":"https:\/\/zonaroja.com.mx\/index.php?rest_route=%2Fwp%2Fv2%2Fmedia&parent=38867"}],"wp:term":[{"taxonomy":"category","embeddable":true,"href":"https:\/\/zonaroja.com.mx\/index.php?rest_route=%2Fwp%2Fv2%2Fcategories&post=38867"},{"taxonomy":"post_tag","embeddable":true,"href":"https:\/\/zonaroja.com.mx\/index.php?rest_route=%2Fwp%2Fv2%2Ftags&post=38867"}],"curies":[{"name":"wp","href":"https:\/\/api.w.org\/{rel}","templated":true}]}}