{"id":38874,"date":"2022-03-17T20:09:00","date_gmt":"2022-03-18T02:09:00","guid":{"rendered":"http:\/\/www.zonaroja.com.mx\/?p=38874"},"modified":"2022-03-17T20:09:02","modified_gmt":"2022-03-18T02:09:02","slug":"balean-a-dos-en-pinotepa-nacional-muere-uno-en-el-hospital","status":"publish","type":"post","link":"https:\/\/zonaroja.com.mx\/?p=38874","title":{"rendered":"Balean a dos en Pinotepa Nacional; muere uno en el hospital"},"content":{"rendered":"\n<p>Redacci\u00f3n\/Zona Roja.<\/p>\n\n\n\n<p>Oaxaca de Ju\u00e1rez, Oax., 17 de marzo de 2022.- Dos personas del sexo masculino fueron agredidas a balazos la tarde de este jueves en Santiago Pinotepa Nacional, municipio de la regi\u00f3n Costa de Oaxaca; uno muri\u00f3 en el hospital.<\/p>\n\n\n\n<p>Los hechos sucedieron en la calle 2 Norte esquina con 10 Oriente del barrio La Banda, donde fueron atacados a balazos dos trabajadores del hospital general \u201cPedro Espinosa Rueda\u201d, de los Servicios de Salud de Oaxaca.<\/p>\n\n\n\n<p>Tras ello fueron trasladados al nosocomio, pero poco despu\u00e9s muri\u00f3 uno de ellos, identificado de manera preliminar como originario de Santiago Tetepec, sin que hasta ahora se halla proporcionado su identidad.<\/p>\n\n\n\n<p>ADOLESCENTE AHOGADO<\/p>\n\n\n\n<p>Por otra parte, en una presa de Mariscala de Ju\u00e1rez, municipio de la regi\u00f3n Mixteca del estado, se ahog\u00f3 un menor de edad, que hab\u00eda acudido a descansar de vacaciones con su familia, originaria de la Ciudad de M\u00e9xico.<\/p>\n\n\n\n<p>La v\u00edctima, Aldo A. A., de 15 a\u00f1os de edad, ingres\u00f3 a nadar pero no pudo salir a flote; fue auxiliado por sus familiares y por personal de socorro, pero ya hab\u00eda perdido la vida.<\/p>\n","protected":false},"excerpt":{"rendered":"<p>Redacci\u00f3n\/Zona Roja. Oaxaca de Ju\u00e1rez, Oax., 17 de marzo de 2022.- Dos personas del sexo&hellip;<\/p>\n","protected":false},"author":2,"featured_media":38093,"comment_status":"closed","ping_status":"open","sticky":false,"template":"","format":"standard","meta":{"_lmt_disableupdate":"","_lmt_disable":"","_jetpack_memberships_contains_paid_content":false,"footnotes":""},"categories":[109,51],"tags":[651],"class_list":["post-38874","post","type-post","status-publish","format-standard","has-post-thumbnail","hentry","category-minuto-a-minuto","category-zona-roja","tag-santiago-pinotepa-nacional"],"jetpack_featured_media_url":"https:\/\/zonaroja.com.mx\/wp-content\/uploads\/2022\/02\/Policia-escena-seguridad-violencia-crimen.jpg","jetpack_sharing_enabled":true,"_links":{"self":[{"href":"https:\/\/zonaroja.com.mx\/index.php?rest_route=\/wp\/v2\/posts\/38874","targetHints":{"allow":["GET"]}}],"collection":[{"href":"https:\/\/zonaroja.com.mx\/index.php?rest_route=\/wp\/v2\/posts"}],"about":[{"href":"https:\/\/zonaroja.com.mx\/index.php?rest_route=\/wp\/v2\/types\/post"}],"author":[{"embeddable":true,"href":"https:\/\/zonaroja.com.mx\/index.php?rest_route=\/wp\/v2\/users\/2"}],"replies":[{"embeddable":true,"href":"https:\/\/zonaroja.com.mx\/index.php?rest_route=%2Fwp%2Fv2%2Fcomments&post=38874"}],"version-history":[{"count":1,"href":"https:\/\/zonaroja.com.mx\/index.php?rest_route=\/wp\/v2\/posts\/38874\/revisions"}],"predecessor-version":[{"id":38875,"href":"https:\/\/zonaroja.com.mx\/index.php?rest_route=\/wp\/v2\/posts\/38874\/revisions\/38875"}],"wp:featuredmedia":[{"embeddable":true,"href":"https:\/\/zonaroja.com.mx\/index.php?rest_route=\/wp\/v2\/media\/38093"}],"wp:attachment":[{"href":"https:\/\/zonaroja.com.mx\/index.php?rest_route=%2Fwp%2Fv2%2Fmedia&parent=38874"}],"wp:term":[{"taxonomy":"category","embeddable":true,"href":"https:\/\/zonaroja.com.mx\/index.php?rest_route=%2Fwp%2Fv2%2Fcategories&post=38874"},{"taxonomy":"post_tag","embeddable":true,"href":"https:\/\/zonaroja.com.mx\/index.php?rest_route=%2Fwp%2Fv2%2Ftags&post=38874"}],"curies":[{"name":"wp","href":"https:\/\/api.w.org\/{rel}","templated":true}]}}