{"id":38876,"date":"2022-03-17T21:40:30","date_gmt":"2022-03-18T03:40:30","guid":{"rendered":"http:\/\/www.zonaroja.com.mx\/?p=38876"},"modified":"2022-03-17T21:40:32","modified_gmt":"2022-03-18T03:40:32","slug":"creciente-problematica-social-en-oaxaca-se-suma-ahora-retencion-de-personas","status":"publish","type":"post","link":"https:\/\/zonaroja.com.mx\/?p=38876","title":{"rendered":"Creciente problem\u00e1tica social en Oaxaca; se suma ahora retenci\u00f3n de personas"},"content":{"rendered":"\n<p>Yuridiana Sosa\/Zona Roja.<\/p>\n\n\n\n<p>Oaxaca de Ju\u00e1rez, Oax., 17 de marzo de 2022.- Cada d\u00eda surgen nuevos conflictos en Oaxaca, a la par que otros echan ra\u00edces ante la ausencia de soluciones o atenciones que demandan los distintos grupos a la Secretar\u00eda General de Gobierno (Segego).<\/p>\n\n\n\n<p>Entre los asuntos m\u00e1s graves, recientemente surgidos, se encuentra la detenci\u00f3n arbitraria por m\u00e1s de 48 horas de dos pescadores ikoots en la San Francisco del Mar, en la zona oriente del Istmo de Tehuantepec, s\u00f3lo por no simpatizar con el Partido Revolucionario Institucional (PRI) y promover la revocaci\u00f3n de mandato.<\/p>\n\n\n\n<p>Mujeres, integrantes de la asamblea, denunciaron la privaci\u00f3n ilegal de la libertad de los pescadores Hugo Alberto Mart\u00ednez Vargas y Juan Carlos Vargas Mart\u00ednez s\u00f3lo por no coincidir con la ideolog\u00eda pol\u00edtica de \u00c1ngel Mart\u00ednez Vargas, agente municipal simpatizante del PRI.<\/p>\n\n\n\n<p>Los hombres se encuentran retenidos en una peque\u00f1a celda de piedra, sin agua, alimentos, ni condiciones, as\u00ed como sin motivos s\u00f3lidos para su detenci\u00f3n.<\/p>\n\n\n\n<figure class=\"wp-block-embed is-type-rich is-provider-twitter wp-block-embed-twitter\"><div class=\"wp-block-embed__wrapper\">\n<div class=\"twitter-tweet\"><blockquote class=\"twitter-tweet\" data-lang=\"es\"><p lang=\"es\" dir=\"ltr\"><a href=\"https:\/\/twitter.com\/hashtag\/%C3%9AltimoMinuto?src=hash&amp;ref_src=twsrc%5Etfw\">#\u00daltimoMinuto<\/a> <br>Siguen los problemas para la <a href=\"https:\/\/twitter.com\/SEGEGO_GobOax?ref_src=twsrc%5Etfw\">@SEGEGO_GobOax<\/a>.<br>Comunidades de Putla Villa de Guerrero bloquean la v\u00eda Tlaxiaco-Putla, a la altura de Chicahuaxtla. <a href=\"https:\/\/t.co\/8NIQhGFEJY\">pic.twitter.com\/8NIQhGFEJY<\/a><\/p>&mdash; Zona Roja Oaxaca (@ZonaRoja_Oaxaca) <a href=\"https:\/\/twitter.com\/ZonaRoja_Oaxaca\/status\/1504527412897345548?ref_src=twsrc%5Etfw\">17 de marzo de 2022<\/a><\/blockquote><\/div>\n<\/div><\/figure>\n\n\n\n<p>CIERRE DE CARRETERAS<\/p>\n\n\n\n<p>Un grupo de supuestos docentes de la comunidad de San Pedro Teutila, de la regi\u00f3n Ca\u00f1ada, y supervisores educativos encabezados por Erangelio Mendoza, bloquearon la carretera federal 190, frente a las antiguas oficinas del IEEPO, en el municipio de Santa Luc\u00eda del Camino, para demandar la presencia de m\u00e1s maestros.<\/p>\n\n\n\n<p>Ocupando una lona con la leyenda de la Coordinadora Nacional de Trabajadores de la Educaci\u00f3n (CNTE) los quejosos mantuvieron su protesta por varias horas.<\/p>\n\n\n\n<p>Mientras que en comunidades de Putla Villa de Guerrero tambi\u00e9n bloquearon la v\u00eda Tlaxiaco-Putla, a la altura de Chicahuaxtla para exigir atenci\u00f3n de la Segego.<\/p>\n\n\n\n<figure class=\"wp-block-embed is-type-rich is-provider-twitter wp-block-embed-twitter\"><div class=\"wp-block-embed__wrapper\">\n<div class=\"twitter-tweet\"><blockquote class=\"twitter-tweet\" data-lang=\"es\"><p lang=\"es\" dir=\"ltr\"><a href=\"https:\/\/twitter.com\/hashtag\/ENVIVO?src=hash&amp;ref_src=twsrc%5Etfw\">#ENVIVO<\/a> <br>Santa Luc\u00eda del Camino, Oax., 17 de marzo de 2022.- Por en\u00e9sima ocasi\u00f3n, un reducido grupo de supervisores,que dirige el ex dirigente de la Secci\u00f3n 22 del SNTE, bloquean vialidades,ahora en la carretera federal 190, <a href=\"https:\/\/twitter.com\/hashtag\/Oaxaca?src=hash&amp;ref_src=twsrc%5Etfw\">#Oaxaca<\/a>-Istmo. <br>Transmisi\u00f3n:<br>\ud83d\udc47<a href=\"https:\/\/t.co\/JJl8MGcptH\">https:\/\/t.co\/JJl8MGcptH<\/a> <a href=\"https:\/\/t.co\/NQmPSKPtWJ\">pic.twitter.com\/NQmPSKPtWJ<\/a><\/p>&mdash; Zona Roja Oaxaca (@ZonaRoja_Oaxaca) <a href=\"https:\/\/twitter.com\/ZonaRoja_Oaxaca\/status\/1504522938485141504?ref_src=twsrc%5Etfw\">17 de marzo de 2022<\/a><\/blockquote><\/div>\n<\/div><\/figure>\n\n\n\n<p>PREV\u00c9N M\u00c1S PROTESTAS<\/p>\n\n\n\n<p>Por incumplimiento del gobierno del estado sobre acuerdos, el Frente \u00danico en Defensa Ind\u00edgena, R.F.M, de Mat\u00edas Romero, en el Istmo, convoc\u00f3 a otras organizaciones para realizar una jornada de movilizaciones, con cierre de oficinas del gobierno y bloqueos en la entidad.<\/p>\n\n\n\n<p>La organizaci\u00f3n puntualiz\u00f3 que esto se debe a la \u201cfalta de atenci\u00f3n y de voluntad del gobernador y del Secretario de General del Estado para atender las demandas sociales y pol\u00edticas\u201d, pues las peticiones quedaron expresadas desde noviembre, sin que haya avances.<\/p>\n","protected":false},"excerpt":{"rendered":"<p>Yuridiana Sosa\/Zona Roja. Oaxaca de Ju\u00e1rez, Oax., 17 de marzo de 2022.- Cada d\u00eda surgen&hellip;<\/p>\n","protected":false},"author":2,"featured_media":38877,"comment_status":"closed","ping_status":"open","sticky":false,"template":"","format":"standard","meta":{"_lmt_disableupdate":"","_lmt_disable":"","_jetpack_memberships_contains_paid_content":false,"footnotes":""},"categories":[109,47],"tags":[2264],"class_list":["post-38876","post","type-post","status-publish","format-standard","has-post-thumbnail","hentry","category-minuto-a-minuto","category-zona-gris","tag-bloqueos-y-protestas-oaxaca"],"jetpack_featured_media_url":"https:\/\/zonaroja.com.mx\/wp-content\/uploads\/2022\/03\/Bloqueo-Chicahuaxtla.jpg","jetpack_sharing_enabled":true,"_links":{"self":[{"href":"https:\/\/zonaroja.com.mx\/index.php?rest_route=\/wp\/v2\/posts\/38876","targetHints":{"allow":["GET"]}}],"collection":[{"href":"https:\/\/zonaroja.com.mx\/index.php?rest_route=\/wp\/v2\/posts"}],"about":[{"href":"https:\/\/zonaroja.com.mx\/index.php?rest_route=\/wp\/v2\/types\/post"}],"author":[{"embeddable":true,"href":"https:\/\/zonaroja.com.mx\/index.php?rest_route=\/wp\/v2\/users\/2"}],"replies":[{"embeddable":true,"href":"https:\/\/zonaroja.com.mx\/index.php?rest_route=%2Fwp%2Fv2%2Fcomments&post=38876"}],"version-history":[{"count":1,"href":"https:\/\/zonaroja.com.mx\/index.php?rest_route=\/wp\/v2\/posts\/38876\/revisions"}],"predecessor-version":[{"id":38878,"href":"https:\/\/zonaroja.com.mx\/index.php?rest_route=\/wp\/v2\/posts\/38876\/revisions\/38878"}],"wp:featuredmedia":[{"embeddable":true,"href":"https:\/\/zonaroja.com.mx\/index.php?rest_route=\/wp\/v2\/media\/38877"}],"wp:attachment":[{"href":"https:\/\/zonaroja.com.mx\/index.php?rest_route=%2Fwp%2Fv2%2Fmedia&parent=38876"}],"wp:term":[{"taxonomy":"category","embeddable":true,"href":"https:\/\/zonaroja.com.mx\/index.php?rest_route=%2Fwp%2Fv2%2Fcategories&post=38876"},{"taxonomy":"post_tag","embeddable":true,"href":"https:\/\/zonaroja.com.mx\/index.php?rest_route=%2Fwp%2Fv2%2Ftags&post=38876"}],"curies":[{"name":"wp","href":"https:\/\/api.w.org\/{rel}","templated":true}]}}