{"id":38879,"date":"2022-03-17T22:08:25","date_gmt":"2022-03-18T04:08:25","guid":{"rendered":"http:\/\/www.zonaroja.com.mx\/?p=38879"},"modified":"2022-03-17T22:08:28","modified_gmt":"2022-03-18T04:08:28","slug":"baja-hasta-a-12-ocupacion-hospitalaria-por-covid-en-oaxaca","status":"publish","type":"post","link":"https:\/\/zonaroja.com.mx\/?p=38879","title":{"rendered":"Baja hasta a 12% ocupaci\u00f3n hospitalaria por Covid en Oaxaca"},"content":{"rendered":"\n<p>Redacci\u00f3n\/Zona Roja.<\/p>\n\n\n\n<p>Oaxaca de Ju\u00e1rez, Oax. 17 de marzo de 2022.- Este jueves la disponibilidad de camas para pacientes con Covid-19 se situ\u00f3 en 88% de manera general, con un total de 47 hospitalizados, cuatro son de nuevo ingreso, y cinco Unidades M\u00e9dicas se encuentran al 100% de ocupaci\u00f3n, informaron los Servicios de Salud de Oaxaca (SSO).<\/p>\n\n\n\n<p>En los \u00faltimos 14 d\u00edas, 462 personas reportaron s\u00edntomas de la enfermedad residentes de 84 municipios, quienes se consideran casos activos y representan 0.38% del total de positivos acumulados desde el inicio de la pandemia. Asimismo 112 mil 259 personas se han recuperado.<\/p>\n\n\n\n<p>El Informe T\u00e9cnico Diario refiere que, hasta este 17 de marzo, hay un total de 118 mil 837 casos acumulados, de esta cifra 71 son pacientes nuevos, as\u00ed como seis mil 116 defunciones, cuatro m\u00e1s que el d\u00eda de ayer.<\/p>\n\n\n\n<figure class=\"wp-block-embed is-type-rich is-provider-twitter wp-block-embed-twitter\"><div class=\"wp-block-embed__wrapper\">\n<div class=\"twitter-tweet\"><blockquote class=\"twitter-tweet\" data-lang=\"es\"><p lang=\"es\" dir=\"ltr\"><a href=\"https:\/\/twitter.com\/hashtag\/%C3%9AltimoMinuto?src=hash&amp;ref_src=twsrc%5Etfw\">#\u00daltimoMinuto<\/a> <br>Los Servicios de Salud de <a href=\"https:\/\/twitter.com\/hashtag\/Oaxaca?src=hash&amp;ref_src=twsrc%5Etfw\">#Oaxaca<\/a> reportaron este jueves 71 casos positivos a <a href=\"https:\/\/twitter.com\/hashtag\/Covid?src=hash&amp;ref_src=twsrc%5Etfw\">#Covid<\/a> y 4 fallecimientos.<br>Suman 118 mil 837 casos confirmados y 6 mil 116 decesos. <br>Hay 5 hospitales saturados y la ocupaci\u00f3n hospitalaria es del 12%. <a href=\"https:\/\/t.co\/LzmBbZwbEW\">pic.twitter.com\/LzmBbZwbEW<\/a><\/p>&mdash; Zona Roja Oaxaca (@ZonaRoja_Oaxaca) <a href=\"https:\/\/twitter.com\/ZonaRoja_Oaxaca\/status\/1504668439243280418?ref_src=twsrc%5Etfw\">18 de marzo de 2022<\/a><\/blockquote><\/div>\n<\/div><\/figure>\n\n\n\n<p>Se identificaron 36 localidades con nuevos positivos, de los cuales 10 corresponden a Oaxaca de Ju\u00e1rez, seis a San Juan Bautista Tuxtepec y cuatro a la Heroica Ciudad de Juchit\u00e1n de Zaragoza, Salina Cruz y Santa Mar\u00eda Huatulco, respectivamente, por mencionar algunos.<\/p>\n\n\n\n<p>En relaci\u00f3n con el panorama Jurisdiccional, Valles Centrales acumul\u00f3 un global de 72 mil 599 casos confirmados, 224 activos y dos mil 672 defunciones; Istmo 16 mil 558 confirmados, 127 activos y mil 342 defunciones; Tuxtepec ocho mil 850 confirmados, 48 activos y 612 defunciones; Costa ocho mil 248 confirmados, 38 activos y 509 defunciones; Mixteca ocho mil 753 confirmados, 14 activos y 637 defunciones; Sierra tres mil 829 confirmados, 10 activos y 344 defunciones.<\/p>\n\n\n\n<p>En caso de s\u00edntomas de Covid-19, es necesario aislarse por siete d\u00edas y mantenerse pendiente a la evoluci\u00f3n de la enfermedad, de presentar complicaciones, se debe solicitar atenci\u00f3n m\u00e9dica y no automedicarse.<\/p>\n\n\n\n<p>(Comunicado)<\/p>\n","protected":false},"excerpt":{"rendered":"<p>Redacci\u00f3n\/Zona Roja. Oaxaca de Ju\u00e1rez, Oax. 17 de marzo de 2022.- Este jueves la disponibilidad&hellip;<\/p>\n","protected":false},"author":2,"featured_media":38880,"comment_status":"closed","ping_status":"open","sticky":false,"template":"","format":"standard","meta":{"_lmt_disableupdate":"","_lmt_disable":"","_jetpack_memberships_contains_paid_content":false,"footnotes":""},"categories":[109,47],"tags":[1512],"class_list":["post-38879","post","type-post","status-publish","format-standard","has-post-thumbnail","hentry","category-minuto-a-minuto","category-zona-gris","tag-coronavirus-oaxaca"],"jetpack_featured_media_url":"https:\/\/zonaroja.com.mx\/wp-content\/uploads\/2022\/03\/Coronavirus-Covid-17-marzo.jpg","jetpack_sharing_enabled":true,"_links":{"self":[{"href":"https:\/\/zonaroja.com.mx\/index.php?rest_route=\/wp\/v2\/posts\/38879","targetHints":{"allow":["GET"]}}],"collection":[{"href":"https:\/\/zonaroja.com.mx\/index.php?rest_route=\/wp\/v2\/posts"}],"about":[{"href":"https:\/\/zonaroja.com.mx\/index.php?rest_route=\/wp\/v2\/types\/post"}],"author":[{"embeddable":true,"href":"https:\/\/zonaroja.com.mx\/index.php?rest_route=\/wp\/v2\/users\/2"}],"replies":[{"embeddable":true,"href":"https:\/\/zonaroja.com.mx\/index.php?rest_route=%2Fwp%2Fv2%2Fcomments&post=38879"}],"version-history":[{"count":1,"href":"https:\/\/zonaroja.com.mx\/index.php?rest_route=\/wp\/v2\/posts\/38879\/revisions"}],"predecessor-version":[{"id":38881,"href":"https:\/\/zonaroja.com.mx\/index.php?rest_route=\/wp\/v2\/posts\/38879\/revisions\/38881"}],"wp:featuredmedia":[{"embeddable":true,"href":"https:\/\/zonaroja.com.mx\/index.php?rest_route=\/wp\/v2\/media\/38880"}],"wp:attachment":[{"href":"https:\/\/zonaroja.com.mx\/index.php?rest_route=%2Fwp%2Fv2%2Fmedia&parent=38879"}],"wp:term":[{"taxonomy":"category","embeddable":true,"href":"https:\/\/zonaroja.com.mx\/index.php?rest_route=%2Fwp%2Fv2%2Fcategories&post=38879"},{"taxonomy":"post_tag","embeddable":true,"href":"https:\/\/zonaroja.com.mx\/index.php?rest_route=%2Fwp%2Fv2%2Ftags&post=38879"}],"curies":[{"name":"wp","href":"https:\/\/api.w.org\/{rel}","templated":true}]}}