{"id":3888,"date":"2019-09-12T07:34:44","date_gmt":"2019-09-12T12:34:44","guid":{"rendered":"http:\/\/www.zonaroja.com.mx\/?p=3888"},"modified":"2019-09-12T07:34:46","modified_gmt":"2019-09-12T12:34:46","slug":"otra-mujer-asesinada-ahora-en-san-juan-guichicovi-oaxaca","status":"publish","type":"post","link":"https:\/\/zonaroja.com.mx\/?p=3888","title":{"rendered":"Otra mujer asesinada, ahora en San Juan Guichicovi, Oaxaca"},"content":{"rendered":"\n<p>Redacci\u00f3n\/Zona\nRoja.<\/p>\n\n\n\n<p>Oaxaca de\nJu\u00e1rez, Oax., 12 de septiembre de 2019.- A unas horas que el Congreso del\nEstado aprobara llamar a comparecer a funcionarios por ineficacias en la\naplicaci\u00f3n de la Alerta de G\u00e9nero, ayer fue asesinada a balazos otra mujer, en\nSan Juan Guichicovi, municipio de la regi\u00f3n del Istmo de Oaxaca.<\/p>\n\n\n\n<p>De acuerdo\ncon reportes de corporaciones de seguridad p\u00fablica, fue en un domicilio de la\nlocalidad de Brena Torres, a un costado de la carretera, en que se hall\u00f3 el\ncuerpo de la mujer, con un disparo de arma de fuego en la cabeza.<\/p>\n\n\n\n<p>La v\u00edctima\nfue identificada de manera inicial como Josefina L. M., de 54 a\u00f1os de edad,\nmadre de familia; su hijo reconoci\u00f3 el cad\u00e1ver e inform\u00f3 a la autoridad\nministerial que desconoce c\u00f3mo sucedieron los hechos.<\/p>\n\n\n\n<p>La\nVicefiscal\u00eda Regional del Istmo inici\u00f3 las indagatorias bajo los protocolos de\nfeminicidio y hasta el momento no se ha reportado ninguna aprehensi\u00f3n.<\/p>\n","protected":false},"excerpt":{"rendered":"<p>Redacci\u00f3n\/Zona Roja. Oaxaca de Ju\u00e1rez, Oax., 12 de septiembre de 2019.- A unas horas que&hellip;<\/p>\n","protected":false},"author":2,"featured_media":3251,"comment_status":"closed","ping_status":"open","sticky":false,"template":"","format":"standard","meta":{"_lmt_disableupdate":"","_lmt_disable":"","_jetpack_memberships_contains_paid_content":false,"footnotes":""},"categories":[109,51],"tags":[610,699],"class_list":["post-3888","post","type-post","status-publish","format-standard","has-post-thumbnail","hentry","category-minuto-a-minuto","category-zona-roja","tag-feminicidios-oaxaca","tag-san-juan-guichicovi"],"jetpack_featured_media_url":"https:\/\/zonaroja.com.mx\/wp-content\/uploads\/2019\/08\/Femincidio-5.png","jetpack_sharing_enabled":true,"_links":{"self":[{"href":"https:\/\/zonaroja.com.mx\/index.php?rest_route=\/wp\/v2\/posts\/3888","targetHints":{"allow":["GET"]}}],"collection":[{"href":"https:\/\/zonaroja.com.mx\/index.php?rest_route=\/wp\/v2\/posts"}],"about":[{"href":"https:\/\/zonaroja.com.mx\/index.php?rest_route=\/wp\/v2\/types\/post"}],"author":[{"embeddable":true,"href":"https:\/\/zonaroja.com.mx\/index.php?rest_route=\/wp\/v2\/users\/2"}],"replies":[{"embeddable":true,"href":"https:\/\/zonaroja.com.mx\/index.php?rest_route=%2Fwp%2Fv2%2Fcomments&post=3888"}],"version-history":[{"count":1,"href":"https:\/\/zonaroja.com.mx\/index.php?rest_route=\/wp\/v2\/posts\/3888\/revisions"}],"predecessor-version":[{"id":3889,"href":"https:\/\/zonaroja.com.mx\/index.php?rest_route=\/wp\/v2\/posts\/3888\/revisions\/3889"}],"wp:featuredmedia":[{"embeddable":true,"href":"https:\/\/zonaroja.com.mx\/index.php?rest_route=\/wp\/v2\/media\/3251"}],"wp:attachment":[{"href":"https:\/\/zonaroja.com.mx\/index.php?rest_route=%2Fwp%2Fv2%2Fmedia&parent=3888"}],"wp:term":[{"taxonomy":"category","embeddable":true,"href":"https:\/\/zonaroja.com.mx\/index.php?rest_route=%2Fwp%2Fv2%2Fcategories&post=3888"},{"taxonomy":"post_tag","embeddable":true,"href":"https:\/\/zonaroja.com.mx\/index.php?rest_route=%2Fwp%2Fv2%2Ftags&post=3888"}],"curies":[{"name":"wp","href":"https:\/\/api.w.org\/{rel}","templated":true}]}}