{"id":38882,"date":"2022-03-18T07:10:00","date_gmt":"2022-03-18T13:10:00","guid":{"rendered":"http:\/\/www.zonaroja.com.mx\/?p=38882"},"modified":"2022-03-17T22:12:14","modified_gmt":"2022-03-18T04:12:14","slug":"firman-secretaria-de-las-infraestructuras-y-la-uabjo-convenio-de-colaboracion","status":"publish","type":"post","link":"https:\/\/zonaroja.com.mx\/?p=38882","title":{"rendered":"Firman Secretar\u00eda de las Infraestructuras y la UABJO convenio de colaboraci\u00f3n"},"content":{"rendered":"\n<p>Redacci\u00f3n\/Zona Roja.<\/p>\n\n\n\n<p>Oaxaca de Ju\u00e1rez, Oax., 17 de marzo de 2022.- La Secretar\u00eda de las Infraestructuras y el Ordenamiento Territorial Sustentable (Sinfra) y la Facultad de Arquitectura CU de la Universidad Aut\u00f3noma Benito Ju\u00e1rez de Oaxaca (UABJO), firmaron un convenio de colaboraci\u00f3n en materia de servicio social y pr\u00e1cticas profesionales que prestar\u00e1n alumnos de licenciatura, maestr\u00eda y doctorado de la Facultad, para generar visitas y recorridos guiados a proyectos de relevancia t\u00e9cnica y social dentro del estado.<\/p>\n\n\n\n<p>El convenio fue firmado por la Subsecretar\u00eda de Obras de Sinfra, y por la UABJO, la Direcci\u00f3n de la Facultad, la Secretar\u00eda T\u00e9cnica y la Coordinaci\u00f3n de Vinculaci\u00f3n.<\/p>\n\n\n\n<p>Este instrumento permite establecer una vinculaci\u00f3n, convivencia y di\u00e1logo entre ambas partes, sobre las diversas \u00e1reas del ejercicio de la arquitectura y tiene como prop\u00f3sito que los estudiantes de semestres avanzados de las \u00e1reas de planeaci\u00f3n urbana, dise\u00f1o urbano, proyectos arquitect\u00f3nicos y de construcci\u00f3n, contribuyan a la soluci\u00f3n de las necesidades en materia de obra p\u00fablica a favor de la comunidad de Oaxaca.<\/p>\n\n\n\n<p>Considera vincular a los estudiantes de licenciatura, maestr\u00eda y doctorado de la Facultad, para generar visitas de obra guiadas a proyectos de relevancia t\u00e9cnica y social dentro del estado.<\/p>\n\n\n\n<figure class=\"wp-block-embed is-type-rich is-provider-twitter wp-block-embed-twitter\"><div class=\"wp-block-embed__wrapper\">\n<div class=\"twitter-tweet\"><blockquote class=\"twitter-tweet\" data-lang=\"es\"><p lang=\"es\" dir=\"ltr\">La Facultad de Arquitectura <a href=\"https:\/\/twitter.com\/facu_uabjo?ref_src=twsrc%5Etfw\">@facu_uabjo<\/a>, que dirige Abraham Leyva Garc\u00eda, sign\u00f3 un Convenio de Colaboraci\u00f3n con la Secretar\u00eda de las Infraestructuras y el Ordenamiento Territorial Sustentable (SINFRA), representada por el Subsecretario de Obras, Leopoldo Gilberto L\u00f3pez L\u00f3pez. <a href=\"https:\/\/t.co\/tam8nigy06\">pic.twitter.com\/tam8nigy06<\/a><\/p>&mdash; Comunicaci\u00f3nUABJO (@comunica_UABJO) <a href=\"https:\/\/twitter.com\/comunica_UABJO\/status\/1504542410810048513?ref_src=twsrc%5Etfw\">17 de marzo de 2022<\/a><\/blockquote><\/div>\n<\/div><\/figure>\n\n\n\n<p>Adem\u00e1s, es muy importante la colaboraci\u00f3n de las y los futuros arquitectos, maestrantes y doctorantes para atender las necesidades de obras de los oaxaque\u00f1os. El Gobierno requiere de personal capacitado para dar atenci\u00f3n a la problem\u00e1tica de Oaxaca en materia de obras p\u00fablica y construcci\u00f3n.<\/p>\n\n\n\n<p>De esta manera, la Facultad m\u00e1s grande del estado va a contribuir al desarrollo de Oaxaca con profesionales altamente capacitados, maestrantes y doctorantes con gran capacidad que pueden aportar su conocimiento y esfuerzo a favor de las y los oaxaque\u00f1os.<\/p>\n\n\n\n<p>La Facultad cuenta con un laboratorio de materiales con equipo moderno y de alta tecnolog\u00eda que est\u00e1 a disposici\u00f3n de la Sinfra, se posiciona a los j\u00f3venes en el campo laboral y la Secretar\u00eda gana con profesionales altamente capacitados.<\/p>\n\n\n\n<p>Por su parte, la Secretar\u00eda T\u00e9cnica agradeci\u00f3 a Sinfra la colaboraci\u00f3n para que los estudiantes se involucren en las obras de relevancia y anunci\u00f3 que la facultad m\u00e1s grande y antigua iniciar\u00e1 nuevos programas acad\u00e9micos y la creaci\u00f3n de una nueva licenciatura que se abrir\u00e1 en agosto pr\u00f3ximo.<\/p>\n","protected":false},"excerpt":{"rendered":"<p>Redacci\u00f3n\/Zona Roja. Oaxaca de Ju\u00e1rez, Oax., 17 de marzo de 2022.- La Secretar\u00eda de las&hellip;<\/p>\n","protected":false},"author":2,"featured_media":38883,"comment_status":"closed","ping_status":"open","sticky":false,"template":"","format":"standard","meta":{"_lmt_disableupdate":"","_lmt_disable":"","_jetpack_memberships_contains_paid_content":false,"footnotes":""},"categories":[109,46],"tags":[1915],"class_list":["post-38882","post","type-post","status-publish","format-standard","has-post-thumbnail","hentry","category-minuto-a-minuto","category-zona-blanca","tag-secretaria-de-las-infraestructuras-y-ordenamiento-territorial-sinfra"],"jetpack_featured_media_url":"https:\/\/zonaroja.com.mx\/wp-content\/uploads\/2022\/03\/Sinfra-convenio-UABJO.jpeg","jetpack_sharing_enabled":true,"_links":{"self":[{"href":"https:\/\/zonaroja.com.mx\/index.php?rest_route=\/wp\/v2\/posts\/38882","targetHints":{"allow":["GET"]}}],"collection":[{"href":"https:\/\/zonaroja.com.mx\/index.php?rest_route=\/wp\/v2\/posts"}],"about":[{"href":"https:\/\/zonaroja.com.mx\/index.php?rest_route=\/wp\/v2\/types\/post"}],"author":[{"embeddable":true,"href":"https:\/\/zonaroja.com.mx\/index.php?rest_route=\/wp\/v2\/users\/2"}],"replies":[{"embeddable":true,"href":"https:\/\/zonaroja.com.mx\/index.php?rest_route=%2Fwp%2Fv2%2Fcomments&post=38882"}],"version-history":[{"count":1,"href":"https:\/\/zonaroja.com.mx\/index.php?rest_route=\/wp\/v2\/posts\/38882\/revisions"}],"predecessor-version":[{"id":38884,"href":"https:\/\/zonaroja.com.mx\/index.php?rest_route=\/wp\/v2\/posts\/38882\/revisions\/38884"}],"wp:featuredmedia":[{"embeddable":true,"href":"https:\/\/zonaroja.com.mx\/index.php?rest_route=\/wp\/v2\/media\/38883"}],"wp:attachment":[{"href":"https:\/\/zonaroja.com.mx\/index.php?rest_route=%2Fwp%2Fv2%2Fmedia&parent=38882"}],"wp:term":[{"taxonomy":"category","embeddable":true,"href":"https:\/\/zonaroja.com.mx\/index.php?rest_route=%2Fwp%2Fv2%2Fcategories&post=38882"},{"taxonomy":"post_tag","embeddable":true,"href":"https:\/\/zonaroja.com.mx\/index.php?rest_route=%2Fwp%2Fv2%2Ftags&post=38882"}],"curies":[{"name":"wp","href":"https:\/\/api.w.org\/{rel}","templated":true}]}}