{"id":38885,"date":"2022-03-17T22:21:57","date_gmt":"2022-03-18T04:21:57","guid":{"rendered":"http:\/\/www.zonaroja.com.mx\/?p=38885"},"modified":"2022-03-17T22:21:59","modified_gmt":"2022-03-18T04:21:59","slug":"garantiza-sspo-atencion-integral-a-reclusos-y-respeto-a-sus-derechos","status":"publish","type":"post","link":"https:\/\/zonaroja.com.mx\/?p=38885","title":{"rendered":"Garantiza SSPO atenci\u00f3n integral a reclusos y respeto a sus derechos"},"content":{"rendered":"\n<p>Redacci\u00f3n\/Zona Roja.<\/p>\n\n\n\n<p>Oaxaca de Ju\u00e1rez, Oax., 17 de marzo de 2022.- La Secretar\u00eda de Seguridad P\u00fablica de Oaxaca (SSPO) reiter\u00f3 que garantiza la atenci\u00f3n integral a personas privadas de su libertad en los reclusorios del estado, as\u00ed como el pleno respeto a sus derechos humanos.<\/p>\n\n\n\n<p>La titular de la dependencia, Dalia Ba\u00f1os Noyola, acudi\u00f3 al Centro de Reinserci\u00f3n Social (Cereso) varonil, ubicado en San Francisco Tanivet, Tlacolula, donde encabez\u00f3 la ceremonia de clausura de la \u201cTercera Generaci\u00f3n de la Unidad de Prevenci\u00f3n y Atenci\u00f3n de las Adicciones\u201d.<\/p>\n\n\n\n<p>Ah\u00ed reconoci\u00f3 el trabajo coordinado de la Subsecretar\u00eda de Prevenci\u00f3n y Reinserci\u00f3n Social con las dem\u00e1s \u00e1reas de atenci\u00f3n en favor de la poblaci\u00f3n penitenciaria.<\/p>\n\n\n\n<p>Durante la clausura en materia deportiva, premiaron a los equipos triunfadores durante el segundo torneo deportivo de f\u00fatbol. Lo anterior con la finalidad de incentivar sus actividades competitivas y de reflexi\u00f3n de los internos.<\/p>\n\n\n\n<p>Resalt\u00f3 que la Unidad de Prevenci\u00f3n y Atenci\u00f3n de las Adicciones (UPPA), el \u00e1rea deportiva y el departamento de seguridad y custodia trabajan de manera coordinada con la SSPO para llevar a cabo las acciones<\/p>\n\n\n\n<p>Da\u00f1os Noyola remarc\u00f3 que este tipo de eventos se hacen a trav\u00e9s de programas multidisciplinarios y actividades l\u00fadicas que buscan la desintoxicaci\u00f3n de las personas privadas de su libertad que voluntariamente deseen regenerarse.<\/p>\n\n\n\n<figure class=\"wp-block-embed is-type-rich is-provider-twitter wp-block-embed-twitter\"><div class=\"wp-block-embed__wrapper\">\n<div class=\"twitter-tweet\"><blockquote class=\"twitter-tweet\" data-lang=\"es\"><p lang=\"es\" dir=\"ltr\">En el Centro Penitenciario de San Francisco Tanivet, la titular de la <a href=\"https:\/\/twitter.com\/SSP_GobOax?ref_src=twsrc%5Etfw\">@SSP_GobOax<\/a>. <a href=\"https:\/\/twitter.com\/DaliaBnoyola?ref_src=twsrc%5Etfw\">@DaliaBnoyola<\/a>, encabez\u00f3 la ceremonia de clausura de la \u201cTercera Generaci\u00f3n de la Unidad de Prevenci\u00f3n y Atenci\u00f3n de las Adicciones\u201d. <a href=\"https:\/\/t.co\/Y2dvgDzRp5\">pic.twitter.com\/Y2dvgDzRp5<\/a><\/p>&mdash; Zona Roja Oaxaca (@ZonaRoja_Oaxaca) <a href=\"https:\/\/twitter.com\/ZonaRoja_Oaxaca\/status\/1504593463186182150?ref_src=twsrc%5Etfw\">17 de marzo de 2022<\/a><\/blockquote><\/div>\n<\/div><\/figure>\n\n\n\n<p>ASEGURAN CELULARES<\/p>\n\n\n\n<p>Por otra parte, la Secretar\u00eda de Seguridad inform\u00f3 que en coordinaci\u00f3n con la Fiscal\u00eda General del Estado (FGEO), a trav\u00e9s de un operativo derivado de una llamada an\u00f3nima al 089, asegur\u00f3 un cargamento de 90 celulares de diferentes marcas, as\u00ed como c\u00e1maras de foto y video, tabletas y ocho car\u00e1tulas de autoest\u00e9reo, de dudosa procedencia.<\/p>\n\n\n\n<p>Este aseguramiento, se realiz\u00f3 en la Diagonal de Mercaderes en inmediaciones de la Central de Abasto en la ciudad de Oaxaca.<\/p>\n\n\n\n<p>En la llamada recibida al 089, el denunciante argument\u00f3 que en d\u00edas pasados le hab\u00edan robado con violencia su equipo telef\u00f3nico y ped\u00eda con urgencia la intervenci\u00f3n de la polic\u00eda.<\/p>\n\n\n\n<p>Seg\u00fan la v\u00edctima, fue el d\u00eda 16 de marzo del presente a\u00f1o en que logr\u00f3 identificar su equipo en un puesto sobre la calle de Mercaderes por lo que la polic\u00eda estatal al confirmar el reporte, implement\u00f3 un operativo en la zona.<\/p>\n\n\n\n<p>Entre los celulares decomisados, se encuentran marcas como: Samsung, LG, Apple, Huawei, Alcatel, entre otros. Los equipos fueron puestos a disposici\u00f3n de las autoridades correspondientes.<\/p>\n\n\n\n<p>Con estas acciones la SSPO, refrenda su compromiso para velar por la seguridad y el patrimonio de las y los oaxaque\u00f1os.<\/p>\n","protected":false},"excerpt":{"rendered":"<p>Redacci\u00f3n\/Zona Roja. Oaxaca de Ju\u00e1rez, Oax., 17 de marzo de 2022.- La Secretar\u00eda de Seguridad&hellip;<\/p>\n","protected":false},"author":2,"featured_media":38886,"comment_status":"closed","ping_status":"open","sticky":false,"template":"","format":"standard","meta":{"_lmt_disableupdate":"","_lmt_disable":"","_jetpack_memberships_contains_paid_content":false,"footnotes":""},"categories":[109,46],"tags":[1421],"class_list":["post-38885","post","type-post","status-publish","format-standard","has-post-thumbnail","hentry","category-minuto-a-minuto","category-zona-blanca","tag-secretaria-de-seguridad-publica-de-oaxaca-sspo"],"jetpack_featured_media_url":"https:\/\/zonaroja.com.mx\/wp-content\/uploads\/2022\/03\/SSPO-Tanivet.jpg","jetpack_sharing_enabled":true,"_links":{"self":[{"href":"https:\/\/zonaroja.com.mx\/index.php?rest_route=\/wp\/v2\/posts\/38885","targetHints":{"allow":["GET"]}}],"collection":[{"href":"https:\/\/zonaroja.com.mx\/index.php?rest_route=\/wp\/v2\/posts"}],"about":[{"href":"https:\/\/zonaroja.com.mx\/index.php?rest_route=\/wp\/v2\/types\/post"}],"author":[{"embeddable":true,"href":"https:\/\/zonaroja.com.mx\/index.php?rest_route=\/wp\/v2\/users\/2"}],"replies":[{"embeddable":true,"href":"https:\/\/zonaroja.com.mx\/index.php?rest_route=%2Fwp%2Fv2%2Fcomments&post=38885"}],"version-history":[{"count":1,"href":"https:\/\/zonaroja.com.mx\/index.php?rest_route=\/wp\/v2\/posts\/38885\/revisions"}],"predecessor-version":[{"id":38887,"href":"https:\/\/zonaroja.com.mx\/index.php?rest_route=\/wp\/v2\/posts\/38885\/revisions\/38887"}],"wp:featuredmedia":[{"embeddable":true,"href":"https:\/\/zonaroja.com.mx\/index.php?rest_route=\/wp\/v2\/media\/38886"}],"wp:attachment":[{"href":"https:\/\/zonaroja.com.mx\/index.php?rest_route=%2Fwp%2Fv2%2Fmedia&parent=38885"}],"wp:term":[{"taxonomy":"category","embeddable":true,"href":"https:\/\/zonaroja.com.mx\/index.php?rest_route=%2Fwp%2Fv2%2Fcategories&post=38885"},{"taxonomy":"post_tag","embeddable":true,"href":"https:\/\/zonaroja.com.mx\/index.php?rest_route=%2Fwp%2Fv2%2Ftags&post=38885"}],"curies":[{"name":"wp","href":"https:\/\/api.w.org\/{rel}","templated":true}]}}