{"id":38891,"date":"2022-03-18T07:42:05","date_gmt":"2022-03-18T13:42:05","guid":{"rendered":"http:\/\/www.zonaroja.com.mx\/?p=38891"},"modified":"2022-03-18T07:42:07","modified_gmt":"2022-03-18T13:42:07","slug":"industriales-de-la-masa-y-la-tortilla-se-adhieren-a-la-confederacion-libertad","status":"publish","type":"post","link":"https:\/\/zonaroja.com.mx\/?p=38891","title":{"rendered":"Industriales de la masa y la tortilla se adhieren a la Confederaci\u00f3n Libertad"},"content":{"rendered":"\n<p>Redacci\u00f3n\/Zona Roja.<\/p>\n\n\n\n<p>Oaxaca de Ju\u00e1rez, Oax., 18 de marzo de 2022.- La Uni\u00f3n de Industriales de la Masa y la Tortilla del Estado de Oaxaca se adhiri\u00f3 a la Confederaci\u00f3n Libertad de Trabajadores de M\u00e9xico.<\/p>\n\n\n\n<p>El anuncio fue hecho por la dirigente de este \u00faltimo gremio, Guadalupe D\u00edaz Pantoja, durante una conferencia de prensa efectuada ayer, en que dio la bienvenida a los integrantes de ese sector, representado por Luis Espa\u00f1a.<\/p>\n\n\n\n<p>Este \u00faltimo detall\u00f3 que la decisi\u00f3n la tomaron de manera minuciosa junto con otra de sus agrupaciones \u201cDos Regiones\u201d, con la finalidad de representar los derechos de la industria.<\/p>\n\n\n\n<figure class=\"wp-block-embed is-type-rich is-provider-twitter wp-block-embed-twitter\"><div class=\"wp-block-embed__wrapper\">\n<div class=\"twitter-tweet\"><blockquote class=\"twitter-tweet\" data-lang=\"es\"><p lang=\"es\" dir=\"ltr\"><a href=\"https:\/\/twitter.com\/hashtag\/%C3%9AltimoMinuto?src=hash&amp;ref_src=twsrc%5Etfw\">#\u00daltimoMinuto<\/a> <br>En conferencia de prensa, industriales de la masa y la tortilla de <a href=\"https:\/\/twitter.com\/hashtag\/Oaxaca?src=hash&amp;ref_src=twsrc%5Etfw\">#Oaxaca<\/a> anuncian su adhesi\u00f3n a la  Confederaci\u00f3n Libertad de Trabajadores de M\u00e9xico, que dirige Guadalupe D\u00edaz. <a href=\"https:\/\/t.co\/wefdIcprmd\">pic.twitter.com\/wefdIcprmd<\/a><\/p>&mdash; Zona Roja Oaxaca (@ZonaRoja_Oaxaca) <a href=\"https:\/\/twitter.com\/ZonaRoja_Oaxaca\/status\/1504506868428787719?ref_src=twsrc%5Etfw\">17 de marzo de 2022<\/a><\/blockquote><\/div>\n<\/div><\/figure>\n\n\n\n<p>\u201cTenemos que cuidar todos los d\u00edas a las familias que tenemos atr\u00e1s; generamos empleo para muchas familias y tenemos que cuidarlas; por eso unidos como grupo vamos a poder cumplir objetivos y lograr metas\u201d, dijo.<\/p>\n\n\n\n<p>El secretario General Luis Espa\u00f1a a\u00f1adi\u00f3 que el gremio que representa requiere tambi\u00e9n m\u00e1s apoyo de las autoridades federales y estatales, pues d\u00eda con d\u00eda los insumos aumentan d\u00eda con d\u00eda.<\/p>\n\n\n\n<p>Ambos coincidieron en la necesidad de sumar esfuerzos para hacer valer los derechos de los empresarios y trabajadores del ramo de la masa y la tortilla, as\u00ed como gestionar ante las instancias correspondientes las ayudas necesarias para fortalecer del sector.<\/p>\n","protected":false},"excerpt":{"rendered":"<p>Redacci\u00f3n\/Zona Roja. Oaxaca de Ju\u00e1rez, Oax., 18 de marzo de 2022.- La Uni\u00f3n de Industriales&hellip;<\/p>\n","protected":false},"author":2,"featured_media":38892,"comment_status":"closed","ping_status":"open","sticky":false,"template":"","format":"standard","meta":{"_lmt_disableupdate":"","_lmt_disable":"","_jetpack_memberships_contains_paid_content":false,"footnotes":""},"categories":[109,46],"tags":[264],"class_list":["post-38891","post","type-post","status-publish","format-standard","has-post-thumbnail","hentry","category-minuto-a-minuto","category-zona-blanca","tag-guadalupe-diaz-pantoja"],"jetpack_featured_media_url":"https:\/\/zonaroja.com.mx\/wp-content\/uploads\/2022\/03\/Inddustria-de-la-tortilla-Libertad.jpg","jetpack_sharing_enabled":true,"_links":{"self":[{"href":"https:\/\/zonaroja.com.mx\/index.php?rest_route=\/wp\/v2\/posts\/38891","targetHints":{"allow":["GET"]}}],"collection":[{"href":"https:\/\/zonaroja.com.mx\/index.php?rest_route=\/wp\/v2\/posts"}],"about":[{"href":"https:\/\/zonaroja.com.mx\/index.php?rest_route=\/wp\/v2\/types\/post"}],"author":[{"embeddable":true,"href":"https:\/\/zonaroja.com.mx\/index.php?rest_route=\/wp\/v2\/users\/2"}],"replies":[{"embeddable":true,"href":"https:\/\/zonaroja.com.mx\/index.php?rest_route=%2Fwp%2Fv2%2Fcomments&post=38891"}],"version-history":[{"count":1,"href":"https:\/\/zonaroja.com.mx\/index.php?rest_route=\/wp\/v2\/posts\/38891\/revisions"}],"predecessor-version":[{"id":38893,"href":"https:\/\/zonaroja.com.mx\/index.php?rest_route=\/wp\/v2\/posts\/38891\/revisions\/38893"}],"wp:featuredmedia":[{"embeddable":true,"href":"https:\/\/zonaroja.com.mx\/index.php?rest_route=\/wp\/v2\/media\/38892"}],"wp:attachment":[{"href":"https:\/\/zonaroja.com.mx\/index.php?rest_route=%2Fwp%2Fv2%2Fmedia&parent=38891"}],"wp:term":[{"taxonomy":"category","embeddable":true,"href":"https:\/\/zonaroja.com.mx\/index.php?rest_route=%2Fwp%2Fv2%2Fcategories&post=38891"},{"taxonomy":"post_tag","embeddable":true,"href":"https:\/\/zonaroja.com.mx\/index.php?rest_route=%2Fwp%2Fv2%2Ftags&post=38891"}],"curies":[{"name":"wp","href":"https:\/\/api.w.org\/{rel}","templated":true}]}}