{"id":38894,"date":"2022-03-18T08:10:39","date_gmt":"2022-03-18T14:10:39","guid":{"rendered":"http:\/\/www.zonaroja.com.mx\/?p=38894"},"modified":"2022-03-18T08:10:41","modified_gmt":"2022-03-18T14:10:41","slug":"siguen-las-fallas-en-los-sso-explosion-de-autoclave-deja-tres-heridos","status":"publish","type":"post","link":"https:\/\/zonaroja.com.mx\/?p=38894","title":{"rendered":"Siguen las fallas en los SSO: explosi\u00f3n de autoclave deja tres heridos"},"content":{"rendered":"\n<p>Redacci\u00f3n\/Informativo 570.<\/p>\n\n\n\n<p>Oaxaca de Ju\u00e1rez, Oax., 18 de marzo de 2022.- Tres trabajadores de la salud se encuentran recibiendo atenci\u00f3n m\u00e9dica en el Hospital \u201cPresidente Ju\u00e1rez\u201d del ISSSTE en Oaxaca, luego de la explosi\u00f3n de un autoclave al interior del Hospital General \u201cDr. Aurelio Valdivieso\u201d.&nbsp;<\/p>\n\n\n\n<p>Se trata de dos enfermeras y un enfermero, cuya identidad ha sido reservada. Los hechos se registraron el pasado mi\u00e9rcoles cerca del medio d\u00eda, cuando los trabajadores se encontraban manipulando el equipo reci\u00e9n adquirido por los Servicios de Salud de Oaxaca (SSO).<\/p>\n\n\n\n<p>La m\u00e1quina para esterilizaci\u00f3n del material hospitalario, explot\u00f3 y los trabajadores fueron arrojados contra el piso, varios metros, caus\u00e1ndoles severas lesiones, algunas de ellas de columna.&nbsp;<\/p>\n\n\n\n<p>Aunque las autoridades del hospital y de los SSO han pedido discreci\u00f3n sobre los hechos, ha trascendido que buscar\u00e1n fincar responsabilidades contra los trabajadores, por tratarse de un equipo que acababa de llegar al nosocomio.&nbsp;<\/p>\n\n\n\n<p>Tras las acusaciones, personal de enfermer\u00eda y trabajadores del hospital, reprocharon estas acciones, que no velan por la integridad del personal, quienes contin\u00faan laborando pese a la falta de equipo, material de protecci\u00f3n para la pandemia, ni capacitaci\u00f3n para el manejo de este tipo de aparatos.<\/p>\n","protected":false},"excerpt":{"rendered":"<p>Redacci\u00f3n\/Informativo 570. Oaxaca de Ju\u00e1rez, Oax., 18 de marzo de 2022.- Tres trabajadores de la&hellip;<\/p>\n","protected":false},"author":2,"featured_media":38895,"comment_status":"closed","ping_status":"open","sticky":false,"template":"","format":"standard","meta":{"_lmt_disableupdate":"","_lmt_disable":"","_jetpack_memberships_contains_paid_content":false,"footnotes":""},"categories":[109,47],"tags":[1633],"class_list":["post-38894","post","type-post","status-publish","format-standard","has-post-thumbnail","hentry","category-minuto-a-minuto","category-zona-gris","tag-hospital-general-dr-aurelio-valdivieso"],"jetpack_featured_media_url":"https:\/\/zonaroja.com.mx\/wp-content\/uploads\/2022\/03\/Explota-autoclave-hospital-civil.jpg","jetpack_sharing_enabled":true,"_links":{"self":[{"href":"https:\/\/zonaroja.com.mx\/index.php?rest_route=\/wp\/v2\/posts\/38894","targetHints":{"allow":["GET"]}}],"collection":[{"href":"https:\/\/zonaroja.com.mx\/index.php?rest_route=\/wp\/v2\/posts"}],"about":[{"href":"https:\/\/zonaroja.com.mx\/index.php?rest_route=\/wp\/v2\/types\/post"}],"author":[{"embeddable":true,"href":"https:\/\/zonaroja.com.mx\/index.php?rest_route=\/wp\/v2\/users\/2"}],"replies":[{"embeddable":true,"href":"https:\/\/zonaroja.com.mx\/index.php?rest_route=%2Fwp%2Fv2%2Fcomments&post=38894"}],"version-history":[{"count":1,"href":"https:\/\/zonaroja.com.mx\/index.php?rest_route=\/wp\/v2\/posts\/38894\/revisions"}],"predecessor-version":[{"id":38896,"href":"https:\/\/zonaroja.com.mx\/index.php?rest_route=\/wp\/v2\/posts\/38894\/revisions\/38896"}],"wp:featuredmedia":[{"embeddable":true,"href":"https:\/\/zonaroja.com.mx\/index.php?rest_route=\/wp\/v2\/media\/38895"}],"wp:attachment":[{"href":"https:\/\/zonaroja.com.mx\/index.php?rest_route=%2Fwp%2Fv2%2Fmedia&parent=38894"}],"wp:term":[{"taxonomy":"category","embeddable":true,"href":"https:\/\/zonaroja.com.mx\/index.php?rest_route=%2Fwp%2Fv2%2Fcategories&post=38894"},{"taxonomy":"post_tag","embeddable":true,"href":"https:\/\/zonaroja.com.mx\/index.php?rest_route=%2Fwp%2Fv2%2Ftags&post=38894"}],"curies":[{"name":"wp","href":"https:\/\/api.w.org\/{rel}","templated":true}]}}