{"id":38897,"date":"2022-03-18T08:32:06","date_gmt":"2022-03-18T14:32:06","guid":{"rendered":"http:\/\/www.zonaroja.com.mx\/?p=38897"},"modified":"2022-03-18T08:32:09","modified_gmt":"2022-03-18T14:32:09","slug":"improcedente-iniciativa-para-reformar-ley-organica-uabjo","status":"publish","type":"post","link":"https:\/\/zonaroja.com.mx\/?p=38897","title":{"rendered":"Improcedente, iniciativa para reformar Ley Org\u00e1nica: UABJO"},"content":{"rendered":"\n<p>Ismael Garc\u00eda M.\/Zona Roja.<\/p>\n\n\n\n<p>Oaxaca de Ju\u00e1rez, Oax., 18 de marzo de 2022.- La Universidad Aut\u00f3noma \u201cBenito Ju\u00e1rez\u201d de Oaxaca (UABJO) calific\u00f3 como improcedente la iniciativa para reformar la Ley Org\u00e1nica de la instituci\u00f3n, que analiza el Congreso del Estado.<\/p>\n\n\n\n<p>La propuesta fue presentada el pasado mi\u00e9rcoles en la sesi\u00f3n ordinaria de la 65 Legislatura por la diputada de Morena por el distrito XIII, Lizeth Arroyo Rodr\u00edguez.<\/p>\n\n\n\n<p>Este d\u00eda, a trav\u00e9s de un desplegado firmado por el rector Eduardo Bautista Mart\u00ednez, as\u00ed como funcionarios universitarios y directores de escuelas, facultades e institutos, la instituci\u00f3n manifest\u00f3 su desacuerdo.<\/p>\n\n\n\n<p>\u201c\u2026resulta improcedente toda vez que no hubo participaci\u00f3n de la comunidad universitaria como lo mandata la mencionada Ley, en el p\u00e1rrafo tercero del art\u00edculo segundo que a la letra dice:<\/p>\n\n\n\n<p>\u201cCualquier iniciativa o reforma a las leyes org\u00e1nicas universitarias deber\u00e1 contar con los resultados de una consulta previa, libre e informada a su comunidad universitaria, as\u00ed como a los \u00f3rganos de gobierno competentes de la Universidad o Instituci\u00f3n de Educaci\u00f3n Superior a la que la ley le otorga autonom\u00eda y deber\u00e1 contar con una\u00a0 respuesta expl\u00edcita de su M\u00e1ximo Organo de Gobierno Colegiado, el H. Consejo Universitario\u201d.<\/p>\n\n\n\n<figure class=\"wp-block-embed is-type-rich is-provider-twitter wp-block-embed-twitter\"><div class=\"wp-block-embed__wrapper\">\n<div class=\"twitter-tweet\"><blockquote class=\"twitter-tweet\" data-lang=\"es\"><p lang=\"es\" dir=\"ltr\"><a href=\"https:\/\/twitter.com\/hashtag\/Comunicado?src=hash&amp;ref_src=twsrc%5Etfw\">#Comunicado<\/a><br><br>AL H. CONGRESO DEL ESTADO DE OAXACA<br>AL GOBIERNO ESTATAL<br>AL GOBIERNO FEDERAL<br>A LA OPINI\u00d3N P\u00daBLICA<br>\u00a0<br>En relaci\u00f3n a la iniciativa para modificar la Ley Org\u00e1nica Universitaria de la UABJO, presentada ante el Congreso del Estado recientemente, se precisa lo siguiente \ud83d\udc47\ud83c\udffc <a href=\"https:\/\/t.co\/lrhJrQCFaj\">pic.twitter.com\/lrhJrQCFaj<\/a><\/p>&mdash; Comunicaci\u00f3nUABJO (@comunica_UABJO) <a href=\"https:\/\/twitter.com\/comunica_UABJO\/status\/1504819922643275778?ref_src=twsrc%5Etfw\">18 de marzo de 2022<\/a><\/blockquote><\/div>\n<\/div><\/figure>\n\n\n\n<p>La Universidad expres\u00f3 su respeto a la iniciativa y reconoci\u00f3 que son de gran val\u00eda; \u201csin embargo, es necesario que \u00e9stas se hagan conforme a los procesos y a trav\u00e9s de los canales correspondientes, por lo que solicitamos que se cumpla lo establecido por la Ley y lo que mandata la Constituci\u00f3n Pol\u00edtica de los Estados Unidos Mexicanos\u201d, detall\u00f3 en el desplegado.<\/p>\n\n\n\n<p>Por otra parte y sobre el mismo tema, el rector de la UABJO, Eduardo Bautista, se reuni\u00f3 ayer con la presidenta de la Mesa Directiva de la 65 Legislatura, a quien le expuso la inquietud universitaria respecto a la iniciativa de ley.<\/p>\n\n\n\n<p>\u00abSon importantes las iniciativas de actualizaci\u00f3n a la Ley Org\u00e1nica de la UABJO, siempre apegadas a lo dictado por la Ley General de Educaci\u00f3n Superior, que reconoce la autonom\u00eda y autogobierno de las universidades\u00bb, dijo.<\/p>\n\n\n\n<p>Ben\u00edtez Tiburcio expuso por su parte la necesidad de impulsar foros y mesas de trabajo a fin de garantizar que las modificaciones necesarias a esta ley sean propositivas y en acuerdo con la comunidad de la m\u00e1xima casa de estudios de Oaxaca.<\/p>\n\n\n\n<figure class=\"wp-block-embed is-type-rich is-provider-twitter wp-block-embed-twitter\"><div class=\"wp-block-embed__wrapper\">\n<div class=\"twitter-tweet\"><blockquote class=\"twitter-tweet\" data-lang=\"es\"><p lang=\"es\" dir=\"ltr\">Ante lo expuesto, la Diputada Ben\u00edtez, se\u00f1al\u00f3 la necesidad de impulsar foros y mesas de trabajo a fin de garantizar que  las modificaciones necesarias a esta Ley sean propositivas y en acuerdo con la comunidad de la M\u00e1xima Casa de Estudios de Oaxaca. <a href=\"https:\/\/t.co\/D34JG0nOLD\">pic.twitter.com\/D34JG0nOLD<\/a><\/p>&mdash; Comunicaci\u00f3nUABJO (@comunica_UABJO) <a href=\"https:\/\/twitter.com\/comunica_UABJO\/status\/1504664590721949698?ref_src=twsrc%5Etfw\">18 de marzo de 2022<\/a><\/blockquote><\/div>\n<\/div><\/figure>\n","protected":false},"excerpt":{"rendered":"<p>Ismael Garc\u00eda M.\/Zona Roja. Oaxaca de Ju\u00e1rez, Oax., 18 de marzo de 2022.- La Universidad&hellip;<\/p>\n","protected":false},"author":2,"featured_media":38898,"comment_status":"closed","ping_status":"open","sticky":false,"template":"","format":"standard","meta":{"_lmt_disableupdate":"","_lmt_disable":"","_jetpack_memberships_contains_paid_content":false,"footnotes":""},"categories":[109,46],"tags":[360],"class_list":["post-38897","post","type-post","status-publish","format-standard","has-post-thumbnail","hentry","category-minuto-a-minuto","category-zona-blanca","tag-rector-eduardo-bautista-martinez"],"jetpack_featured_media_url":"https:\/\/zonaroja.com.mx\/wp-content\/uploads\/2022\/03\/Rector-Eduardo-Bautista-y-Mariana-Benitez.jpeg","jetpack_sharing_enabled":true,"_links":{"self":[{"href":"https:\/\/zonaroja.com.mx\/index.php?rest_route=\/wp\/v2\/posts\/38897","targetHints":{"allow":["GET"]}}],"collection":[{"href":"https:\/\/zonaroja.com.mx\/index.php?rest_route=\/wp\/v2\/posts"}],"about":[{"href":"https:\/\/zonaroja.com.mx\/index.php?rest_route=\/wp\/v2\/types\/post"}],"author":[{"embeddable":true,"href":"https:\/\/zonaroja.com.mx\/index.php?rest_route=\/wp\/v2\/users\/2"}],"replies":[{"embeddable":true,"href":"https:\/\/zonaroja.com.mx\/index.php?rest_route=%2Fwp%2Fv2%2Fcomments&post=38897"}],"version-history":[{"count":1,"href":"https:\/\/zonaroja.com.mx\/index.php?rest_route=\/wp\/v2\/posts\/38897\/revisions"}],"predecessor-version":[{"id":38899,"href":"https:\/\/zonaroja.com.mx\/index.php?rest_route=\/wp\/v2\/posts\/38897\/revisions\/38899"}],"wp:featuredmedia":[{"embeddable":true,"href":"https:\/\/zonaroja.com.mx\/index.php?rest_route=\/wp\/v2\/media\/38898"}],"wp:attachment":[{"href":"https:\/\/zonaroja.com.mx\/index.php?rest_route=%2Fwp%2Fv2%2Fmedia&parent=38897"}],"wp:term":[{"taxonomy":"category","embeddable":true,"href":"https:\/\/zonaroja.com.mx\/index.php?rest_route=%2Fwp%2Fv2%2Fcategories&post=38897"},{"taxonomy":"post_tag","embeddable":true,"href":"https:\/\/zonaroja.com.mx\/index.php?rest_route=%2Fwp%2Fv2%2Ftags&post=38897"}],"curies":[{"name":"wp","href":"https:\/\/api.w.org\/{rel}","templated":true}]}}