{"id":3890,"date":"2019-09-12T09:14:42","date_gmt":"2019-09-12T14:14:42","guid":{"rendered":"http:\/\/www.zonaroja.com.mx\/?p=3890"},"modified":"2019-09-12T09:14:45","modified_gmt":"2019-09-12T14:14:45","slug":"se-impone-la-cnte-y-el-presidente-lopez-obrador-cede-a-todo","status":"publish","type":"post","link":"https:\/\/zonaroja.com.mx\/?p=3890","title":{"rendered":"Se impone la CNTE y el Presidente L\u00f3pez Obrador cede a todo"},"content":{"rendered":"\n<p>Redacci\u00f3n\/Zona\nRoja Cdmx.<\/p>\n\n\n\n<p>Ciudad de\nM\u00e9xico,12 septiembre 2019).- La presi\u00f3n y los bloqueos tanto en la Ciudad de\nM\u00e9xico como en las entidades donde tiene presencia la Coordinadora Nacional de\nTrabajadores de la Educaci\u00f3n (CNTE) le est\u00e1 dando resultados, inform\u00f3 hoy el\nperi\u00f3dico \u201cReforma\u201d.<\/p>\n\n\n\n<p>Despu\u00e9s de\ndos d\u00edas consecutivos de \u201cplant\u00f3n\u201d en la C\u00e1mara de Diputados y de protestas en\nChiapas, Oaxaca y Michoac\u00e1n, el magisterio disidente revel\u00f3 que el gobierno\nfederal accedi\u00f3 a sus peticiones.<\/p>\n\n\n\n<p>Despu\u00e9s de\nreunirse en Palacio Nacional con el Presidente Andr\u00e9s Manuel L\u00f3pez Obrador y\ncon otras autoridades, dirigentes de la Coordinadora aseguraron que las\nautoridades aceptaron entregar plazas autom\u00e1ticas a los egresados de las\nnormales y cubrir bonos y salarios atrasados de maestros. <\/p>\n\n\n\n<p>Tan s\u00f3lo en\nMichoac\u00e1n se estima que dichos adeudos suman 810 millones de pesos.<\/p>\n\n\n\n<p>Los maestros\nconf\u00edan en que estos acuerdos sean firmados en pr\u00f3ximos d\u00edas por las\nautoridades y traducidos en ley como parte de la elaboraci\u00f3n de las leyes\nsecundarias educativas, proceso que fue aplazado esta semana por falta de\nacuerdos entre los legisladores.<\/p>\n\n\n\n<p>\u00abEl\nPresidente respondi\u00f3 que se trabaje para que la asignaci\u00f3n de plazas\nautom\u00e1ticas a los egresados de las normales pueda estar contenido en las leyes\nsecundarias. \u00a1Es un logro hist\u00f3rico!\u00bb, celebr\u00f3 Juan Melchor, vocero de la\nDirecci\u00f3n Pol\u00edtica Nacional de la CNTE.<\/p>\n\n\n\n<p>Otra de las\nconcesiones hacia la CNTE son la cancelaci\u00f3n de evaluaciones y la promesa de\nque ni siquiera se apliquen como herramientas de diagn\u00f3stico sobre el servicio\nque se brinda en las escuelas. <\/p>\n\n\n\n<p>Tambi\u00e9n se\nofreci\u00f3 que el magisterio disidente participe en el ingreso, reconocimiento y\npromoci\u00f3n de los docentes.<\/p>\n\n\n\n<p>Marco\nFern\u00e1ndez, especialista en educaci\u00f3n de M\u00e9xico Eval\u00faa y el Tecnol\u00f3gico de Monterrey,\nconsider\u00f3 que ser\u00eda preocupante que estos acuerdos se concreten en las leyes\nsecundarias, pues el Presidente invadir\u00eda facultades y actuar\u00eda en contra de la\nConstituci\u00f3n.<\/p>\n\n\n\n<p>\u00abLos\nmaestros de la CNTE dicen que es un logro hist\u00f3rico lo de la plaza autom\u00e1tica,\npero eso va en contra de la Constituci\u00f3n, donde en ning\u00fan lado se habla de dar\nuna plaza autom\u00e1tica a todo egresado de la normal\u00bb, apunt\u00f3.<\/p>\n","protected":false},"excerpt":{"rendered":"<p>Redacci\u00f3n\/Zona Roja Cdmx. Ciudad de M\u00e9xico,12 septiembre 2019).- La presi\u00f3n y los bloqueos tanto en&hellip;<\/p>\n","protected":false},"author":2,"featured_media":3891,"comment_status":"closed","ping_status":"open","sticky":false,"template":"","format":"standard","meta":{"_lmt_disableupdate":"","_lmt_disable":"","_jetpack_memberships_contains_paid_content":false,"footnotes":""},"categories":[109,51],"tags":[692,691],"class_list":["post-3890","post","type-post","status-publish","format-standard","has-post-thumbnail","hentry","category-minuto-a-minuto","category-zona-roja","tag-cnte","tag-coordinadora-nacional-de-trabajadores-de-la-educacion"],"jetpack_featured_media_url":"https:\/\/zonaroja.com.mx\/wp-content\/uploads\/2019\/09\/cnte2.jpg","jetpack_sharing_enabled":true,"_links":{"self":[{"href":"https:\/\/zonaroja.com.mx\/index.php?rest_route=\/wp\/v2\/posts\/3890","targetHints":{"allow":["GET"]}}],"collection":[{"href":"https:\/\/zonaroja.com.mx\/index.php?rest_route=\/wp\/v2\/posts"}],"about":[{"href":"https:\/\/zonaroja.com.mx\/index.php?rest_route=\/wp\/v2\/types\/post"}],"author":[{"embeddable":true,"href":"https:\/\/zonaroja.com.mx\/index.php?rest_route=\/wp\/v2\/users\/2"}],"replies":[{"embeddable":true,"href":"https:\/\/zonaroja.com.mx\/index.php?rest_route=%2Fwp%2Fv2%2Fcomments&post=3890"}],"version-history":[{"count":1,"href":"https:\/\/zonaroja.com.mx\/index.php?rest_route=\/wp\/v2\/posts\/3890\/revisions"}],"predecessor-version":[{"id":3892,"href":"https:\/\/zonaroja.com.mx\/index.php?rest_route=\/wp\/v2\/posts\/3890\/revisions\/3892"}],"wp:featuredmedia":[{"embeddable":true,"href":"https:\/\/zonaroja.com.mx\/index.php?rest_route=\/wp\/v2\/media\/3891"}],"wp:attachment":[{"href":"https:\/\/zonaroja.com.mx\/index.php?rest_route=%2Fwp%2Fv2%2Fmedia&parent=3890"}],"wp:term":[{"taxonomy":"category","embeddable":true,"href":"https:\/\/zonaroja.com.mx\/index.php?rest_route=%2Fwp%2Fv2%2Fcategories&post=3890"},{"taxonomy":"post_tag","embeddable":true,"href":"https:\/\/zonaroja.com.mx\/index.php?rest_route=%2Fwp%2Fv2%2Ftags&post=3890"}],"curies":[{"name":"wp","href":"https:\/\/api.w.org\/{rel}","templated":true}]}}