{"id":38900,"date":"2022-03-18T09:00:51","date_gmt":"2022-03-18T15:00:51","guid":{"rendered":"http:\/\/www.zonaroja.com.mx\/?p=38900"},"modified":"2022-03-18T09:00:53","modified_gmt":"2022-03-18T15:00:53","slug":"yalitza-aparicio-protagonizara-midnight-family-con-joaquin-cosio","status":"publish","type":"post","link":"https:\/\/zonaroja.com.mx\/?p=38900","title":{"rendered":"Yalitza Aparicio protagonizar\u00e1 &#8216;Midnight Family&#8217; con Joaqu\u00edn Cos\u00edo"},"content":{"rendered":"\n<p>Redacci\u00f3n\/Zona Roja Cdmx.<\/p>\n\n\n\n<p>Ciudad de M\u00e9xico, 18 de marzo de 2022.- Yalitza Aparicio regres\u00f3 a la actuaci\u00f3n con el gran int\u00e9rprete Joaqu\u00edn Cos\u00edo para&nbsp;&#8216;Midnight Family&#8217;, primera serie de Apple TV que ser\u00e1 completamente en espa\u00f1ol.<\/p>\n\n\n\n<p>Luego de su exitoso debut en el cine con &#8216;Roma&#8217;, de Alfonso Cuar\u00f3n, la actriz aparece en este proyecto que est\u00e1 inspirado en un documental de Luke Lorentzen, presentado durante el Festival de Cine de Sundance en 2019.<\/p>\n\n\n\n<p>La noticia fue confirmada a &#8216;Variety&#8217;, quien adelant\u00f3 algunos detalles como que la serie se grabar\u00e1 en la Ciudad de M\u00e9xico y estar\u00e1 conformada por 10 episodios.<\/p>\n\n\n\n<p>Gibr\u00e1n Portela y Julio Rojas fueron los encargados de adaptar la historia a la televisi\u00f3n. Natalia Beristain ser\u00e1 la directora y productora ejecutiva de la serie.<\/p>\n\n\n\n<p>\u00bfQu\u00e9 actores integran el elenco de &#8216;Midnight Family&#8217;?<\/p>\n\n\n\n<p>Yalitza compartir\u00e1 pantalla con grandes actores mexicanos como Joaqu\u00edn Cos\u00edo, Jos\u00e9 Mar\u00eda de Tavira, \u00d3scar Jaenada, Itzan Escamilla, Dolores Heredia, Renata Vaca, Diego Calva y Sergio Bautista.&nbsp;<\/p>\n\n\n\n<p>\u00bfDe qu\u00e9 tratar\u00e1 &#8216;Midnight Family&#8217;?<\/p>\n\n\n\n<p>&#8216;Midnight Family&#8217; retrata la vida de Marigaby Tamayo (Renata Vaca), quien es una estudiante ambiciosa y talentosa de medicina, que a bordo de una ambulancia privada de su familia&nbsp;dedica sus d\u00edas y noches a salvar vidas en una Ciudad de M\u00e9xico \u201cfascinante, contrastada y en expansi\u00f3n\u00bb. Marigaby no est\u00e1 sola en esta humana misi\u00f3n, la acompa\u00f1an su padre Ram\u00f3n (Joaqu\u00edn Cos\u00edo) y sus hermanos Marcus (Diego Calva) y Julito (Sergio Bautista).<\/p>\n\n\n\n<p>(Informaci\u00f3n de ActitudFem en \u201cExcelsior\u201d)<\/p>\n","protected":false},"excerpt":{"rendered":"<p>Redacci\u00f3n\/Zona Roja Cdmx. Ciudad de M\u00e9xico, 18 de marzo de 2022.- Yalitza Aparicio regres\u00f3 a&hellip;<\/p>\n","protected":false},"author":2,"featured_media":38902,"comment_status":"closed","ping_status":"open","sticky":false,"template":"","format":"standard","meta":{"_lmt_disableupdate":"","_lmt_disable":"","_jetpack_memberships_contains_paid_content":false,"footnotes":""},"categories":[109,49],"tags":[1258],"class_list":["post-38900","post","type-post","status-publish","format-standard","has-post-thumbnail","hentry","category-minuto-a-minuto","category-zona-fresa","tag-yalitza-aparicio-martinez-2"],"jetpack_featured_media_url":"https:\/\/zonaroja.com.mx\/wp-content\/uploads\/2022\/03\/Yalitza-Aparicio-en-la-Costa.jpg","jetpack_sharing_enabled":true,"_links":{"self":[{"href":"https:\/\/zonaroja.com.mx\/index.php?rest_route=\/wp\/v2\/posts\/38900","targetHints":{"allow":["GET"]}}],"collection":[{"href":"https:\/\/zonaroja.com.mx\/index.php?rest_route=\/wp\/v2\/posts"}],"about":[{"href":"https:\/\/zonaroja.com.mx\/index.php?rest_route=\/wp\/v2\/types\/post"}],"author":[{"embeddable":true,"href":"https:\/\/zonaroja.com.mx\/index.php?rest_route=\/wp\/v2\/users\/2"}],"replies":[{"embeddable":true,"href":"https:\/\/zonaroja.com.mx\/index.php?rest_route=%2Fwp%2Fv2%2Fcomments&post=38900"}],"version-history":[{"count":1,"href":"https:\/\/zonaroja.com.mx\/index.php?rest_route=\/wp\/v2\/posts\/38900\/revisions"}],"predecessor-version":[{"id":38903,"href":"https:\/\/zonaroja.com.mx\/index.php?rest_route=\/wp\/v2\/posts\/38900\/revisions\/38903"}],"wp:featuredmedia":[{"embeddable":true,"href":"https:\/\/zonaroja.com.mx\/index.php?rest_route=\/wp\/v2\/media\/38902"}],"wp:attachment":[{"href":"https:\/\/zonaroja.com.mx\/index.php?rest_route=%2Fwp%2Fv2%2Fmedia&parent=38900"}],"wp:term":[{"taxonomy":"category","embeddable":true,"href":"https:\/\/zonaroja.com.mx\/index.php?rest_route=%2Fwp%2Fv2%2Fcategories&post=38900"},{"taxonomy":"post_tag","embeddable":true,"href":"https:\/\/zonaroja.com.mx\/index.php?rest_route=%2Fwp%2Fv2%2Ftags&post=38900"}],"curies":[{"name":"wp","href":"https:\/\/api.w.org\/{rel}","templated":true}]}}