{"id":38904,"date":"2022-03-18T14:18:34","date_gmt":"2022-03-18T20:18:34","guid":{"rendered":"http:\/\/www.zonaroja.com.mx\/?p=38904"},"modified":"2022-03-18T14:18:36","modified_gmt":"2022-03-18T20:18:36","slug":"busca-fiscalia-a-agresor-de-joven-en-huayapam-oaxaca","status":"publish","type":"post","link":"https:\/\/zonaroja.com.mx\/?p=38904","title":{"rendered":"Busca Fiscal\u00eda a agresor de joven en Huay\u00e1pam, Oaxaca"},"content":{"rendered":"\n<p>Redacci\u00f3n\/Zona Roja.<\/p>\n\n\n\n<p>Oaxaca de Ju\u00e1rez, Oax., 18 de marzo de 2022.- La Fiscal\u00eda General del Estado de Oaxaca (FGEO) inici\u00f3 Carpeta de Investigaci\u00f3n por la agresi\u00f3n por la que fue internada una mujer, tras los hechos ocurridos en el municipio de San Andr\u00e9s Huay\u00e1pam, en la regi\u00f3n de Valles Centrales, caso que se atiende desde el primer momento con perspectiva de g\u00e9nero.<\/p>\n\n\n\n<p>La instituci\u00f3n de procuraci\u00f3n de justicia inici\u00f3 Carpeta de Investigaci\u00f3n 9253\/FMUJ\/UDVF\/2022, luego de que la noche del 16 de marzo, la mujer identificada como J. G. M. (Joselin) fuera agredida f\u00edsicamente por una persona del sexo masculino (ex pareja), en el interior de un domicilio ubicado en el fraccionamiento Infonavit Guelaguetza, perteneciente al referido municipio.<\/p>\n\n\n\n<p>Ante este hecho, la FGEO intervino a trav\u00e9s de la Fiscal\u00eda Especializada en Atenci\u00f3n a Delitos contra la Mujer por Raz\u00f3n de G\u00e9nero, desplegando un equipo de investigadores y peritos, que laboran activamente para recabar informaci\u00f3n suficiente que permita dar con el paradero del responsable.<\/p>\n\n\n\n<p>Cabe resaltar que la v\u00edctima recibi\u00f3 atenci\u00f3n m\u00e9dica especializada debido a las lesiones infligidas y posteriormente fue dada de alta, en tanto que se dictaron medidas de protecci\u00f3n a su favor.<\/p>\n\n\n\n<p>La Fiscal\u00eda General investiga con exhaustividad casos de violencia de g\u00e9nero, garantizando justicia plena a v\u00edctimas de delitos.<\/p>\n\n\n\n<p>(Comunicado)<\/p>\n","protected":false},"excerpt":{"rendered":"<p>Redacci\u00f3n\/Zona Roja. Oaxaca de Ju\u00e1rez, Oax., 18 de marzo de 2022.- La Fiscal\u00eda General del&hellip;<\/p>\n","protected":false},"author":2,"featured_media":38872,"comment_status":"closed","ping_status":"open","sticky":false,"template":"","format":"standard","meta":{"_lmt_disableupdate":"","_lmt_disable":"","_jetpack_memberships_contains_paid_content":false,"footnotes":""},"categories":[109,46],"tags":[494],"class_list":["post-38904","post","type-post","status-publish","format-standard","has-post-thumbnail","hentry","category-minuto-a-minuto","category-zona-blanca","tag-fiscalia-general-del-estado-de-oaxaca"],"jetpack_featured_media_url":"https:\/\/zonaroja.com.mx\/wp-content\/uploads\/2022\/03\/Yoselin-intento-de-feminicidio.jpg","jetpack_sharing_enabled":true,"_links":{"self":[{"href":"https:\/\/zonaroja.com.mx\/index.php?rest_route=\/wp\/v2\/posts\/38904","targetHints":{"allow":["GET"]}}],"collection":[{"href":"https:\/\/zonaroja.com.mx\/index.php?rest_route=\/wp\/v2\/posts"}],"about":[{"href":"https:\/\/zonaroja.com.mx\/index.php?rest_route=\/wp\/v2\/types\/post"}],"author":[{"embeddable":true,"href":"https:\/\/zonaroja.com.mx\/index.php?rest_route=\/wp\/v2\/users\/2"}],"replies":[{"embeddable":true,"href":"https:\/\/zonaroja.com.mx\/index.php?rest_route=%2Fwp%2Fv2%2Fcomments&post=38904"}],"version-history":[{"count":1,"href":"https:\/\/zonaroja.com.mx\/index.php?rest_route=\/wp\/v2\/posts\/38904\/revisions"}],"predecessor-version":[{"id":38905,"href":"https:\/\/zonaroja.com.mx\/index.php?rest_route=\/wp\/v2\/posts\/38904\/revisions\/38905"}],"wp:featuredmedia":[{"embeddable":true,"href":"https:\/\/zonaroja.com.mx\/index.php?rest_route=\/wp\/v2\/media\/38872"}],"wp:attachment":[{"href":"https:\/\/zonaroja.com.mx\/index.php?rest_route=%2Fwp%2Fv2%2Fmedia&parent=38904"}],"wp:term":[{"taxonomy":"category","embeddable":true,"href":"https:\/\/zonaroja.com.mx\/index.php?rest_route=%2Fwp%2Fv2%2Fcategories&post=38904"},{"taxonomy":"post_tag","embeddable":true,"href":"https:\/\/zonaroja.com.mx\/index.php?rest_route=%2Fwp%2Fv2%2Ftags&post=38904"}],"curies":[{"name":"wp","href":"https:\/\/api.w.org\/{rel}","templated":true}]}}