{"id":38906,"date":"2022-03-18T15:56:07","date_gmt":"2022-03-18T21:56:07","guid":{"rendered":"http:\/\/www.zonaroja.com.mx\/?p=38906"},"modified":"2022-03-18T15:58:29","modified_gmt":"2022-03-18T21:58:29","slug":"niega-bienestar-pago-de-apoyos-a-desplazados-de-comunidades-de-atatlahuca","status":"publish","type":"post","link":"https:\/\/zonaroja.com.mx\/?p=38906","title":{"rendered":"Niega Bienestar pago de apoyos a desplazados de comunidades de Atatlahuca"},"content":{"rendered":"\n<p>Ismael Garc\u00eda M.\/Zona Roja.<\/p>\n\n\n\n<p>Oaxaca de Ju\u00e1rez, Oax., 18 de marzo de 2022.- Familias desplazadas de San Esteban Atatlahuca denunciaron que el programa Bienestar del gobierno federal se ha negado a pagar los apoyos a adultos mayores desplazados de Ndoyonoyuji, Mier y Ter\u00e1n y Guerrero Grande.<\/p>\n\n\n\n<p>Con el apoyo del Centro de Derechos Humanos y Asesor\u00eda a Pueblos Ind\u00edgenas (Cedhapi), expusieron que pese a reiterados avisos y peticiones, incluso por escrito, la Delegaci\u00f3n Bienestar, que encabeza Nancy Ortiz Cabrera, se ha negado a responder.<\/p>\n\n\n\n<p>Las representantes de las personas desplazadas de Ndoyonoyuji, Ranulfo Hern\u00e1ndez Bautista; de Mier y Ter\u00e1n, Agust\u00edn Barrios Sandoval, y de Guerrero Grande, Gumaro Sandoval L\u00f3pez, demandaron el apoyo del Gobierno Federal.<\/p>\n\n\n\n<p>Detallaron que son m\u00e1s de cien ancianos que viven en situaci\u00f3n de violencia y que est\u00e1n cautelados por la Comisi\u00f3n Interamericana de Derechos Humanos (CIDH).<\/p>\n\n\n\n<p>El programa Bienestar, con fecha 4 de marzo del 2022, neg\u00f3 el pago de la pensi\u00f3n de los adultos mayores de las tres referidas localidades, que no bajaron a la cabecera municipal de San Esteban Atatlahuca debido a la situaci\u00f3n que impera.<\/p>\n\n\n\n<p>Con diversos escritos, las autoridades de Guerrero Grande y Mier y Ter\u00e1n solicitaron oportunamente a la delegada del programa Bienestar de la ciudad&nbsp; de Oaxaca, Nancy Ortiz Cabrera, para que el pago se realizara en otro lugar que no fuera la cabecera municipal.<\/p>\n\n\n\n<p>Ya que &nbsp;los ancianos no pod\u00edan bajar el d\u00eda 4 de marzo de 2022 al municipio de San Esteban Atatlahuca en donde llegar\u00edan los servidores de la naci\u00f3n a efectuar sus pagos de su pensi\u00f3n, por el riesgo de su integridad f\u00edsica y por las situaciones de violencia que hab\u00edan sufrido.<\/p>\n\n\n\n<p>Por lo cual solicitaron que dicho pago se le pudiera efectuar en un lugar distinto a la cabecera municipal, petici\u00f3n que fue reiterada en diversas ocasiones, por escrito y tambi\u00e9n por conducto del Coordinador de Investigaci\u00f3n y Atenci\u00f3n a Casos Internacionales de la Unidad para la Defensa de los Derechos Humanos de la Secretar\u00eda de Gobernaci\u00f3n, Luis Pablo Ballesteros Sosa y por diversas v\u00edas, \u201csiendo reiterativa la negativa, por lo que hasta el momento no se les ha pagado la pensi\u00f3n para el Bienestar de los adultos mayores\u201d.<\/p>\n\n\n\n<p>Recordaron que con fecha 23 de diciembre del 2021, la Comisi\u00f3n Interamericana de Derechos Humanos emiti\u00f3 medida cautelar al Estado Mexicano MC-1050-21, en la cual refiere concretamente lo siguiente:<\/p>\n\n\n\n<p>Proteger los derechos a la vida e Integridad personal de las familias ind\u00edgenas de las comunidades de Guerrero Grande y Ndoyonuyuji a trav\u00e9s de medidas culturalmente adecuadas dirigidas para proteger sus derechos y en especial de los ni\u00f1os, ni\u00f1as, mujeres y personas mayores.<\/p>\n\n\n\n<p>Ante ello, demandaron una entrevista con el Presidente Andr\u00e9s Manuel L\u00f3pez Obrador, durante su visita a Guelatao, el pr\u00f3ximo domingo, para exponerle la situaci\u00f3n.<\/p>\n\n\n\n<p>Adem\u00e1s, a la delegada Nancy Ortiz que cumpla con el pago referido; a las instancias federales y estatales, que se respeten las medidas cautelares dictadas hacia las 100 familias.<\/p>\n","protected":false},"excerpt":{"rendered":"<p>Ismael Garc\u00eda M.\/Zona Roja. Oaxaca de Ju\u00e1rez, Oax., 18 de marzo de 2022.- Familias desplazadas&hellip;<\/p>\n","protected":false},"author":2,"featured_media":38909,"comment_status":"closed","ping_status":"open","sticky":false,"template":"","format":"standard","meta":{"_lmt_disableupdate":"","_lmt_disable":"","_jetpack_memberships_contains_paid_content":false,"footnotes":""},"categories":[109,47],"tags":[1025],"class_list":["post-38906","post","type-post","status-publish","format-standard","has-post-thumbnail","hentry","category-minuto-a-minuto","category-zona-gris","tag-san-esteban-atatlahuca"],"jetpack_featured_media_url":"https:\/\/zonaroja.com.mx\/wp-content\/uploads\/2022\/03\/adultos-mayores.jpg","jetpack_sharing_enabled":true,"_links":{"self":[{"href":"https:\/\/zonaroja.com.mx\/index.php?rest_route=\/wp\/v2\/posts\/38906","targetHints":{"allow":["GET"]}}],"collection":[{"href":"https:\/\/zonaroja.com.mx\/index.php?rest_route=\/wp\/v2\/posts"}],"about":[{"href":"https:\/\/zonaroja.com.mx\/index.php?rest_route=\/wp\/v2\/types\/post"}],"author":[{"embeddable":true,"href":"https:\/\/zonaroja.com.mx\/index.php?rest_route=\/wp\/v2\/users\/2"}],"replies":[{"embeddable":true,"href":"https:\/\/zonaroja.com.mx\/index.php?rest_route=%2Fwp%2Fv2%2Fcomments&post=38906"}],"version-history":[{"count":1,"href":"https:\/\/zonaroja.com.mx\/index.php?rest_route=\/wp\/v2\/posts\/38906\/revisions"}],"predecessor-version":[{"id":38907,"href":"https:\/\/zonaroja.com.mx\/index.php?rest_route=\/wp\/v2\/posts\/38906\/revisions\/38907"}],"wp:featuredmedia":[{"embeddable":true,"href":"https:\/\/zonaroja.com.mx\/index.php?rest_route=\/wp\/v2\/media\/38909"}],"wp:attachment":[{"href":"https:\/\/zonaroja.com.mx\/index.php?rest_route=%2Fwp%2Fv2%2Fmedia&parent=38906"}],"wp:term":[{"taxonomy":"category","embeddable":true,"href":"https:\/\/zonaroja.com.mx\/index.php?rest_route=%2Fwp%2Fv2%2Fcategories&post=38906"},{"taxonomy":"post_tag","embeddable":true,"href":"https:\/\/zonaroja.com.mx\/index.php?rest_route=%2Fwp%2Fv2%2Ftags&post=38906"}],"curies":[{"name":"wp","href":"https:\/\/api.w.org\/{rel}","templated":true}]}}