{"id":38908,"date":"2022-03-18T16:01:46","date_gmt":"2022-03-18T22:01:46","guid":{"rendered":"http:\/\/www.zonaroja.com.mx\/?p=38908"},"modified":"2022-03-18T16:03:00","modified_gmt":"2022-03-18T22:03:00","slug":"busca-fgo-a-profugo-de-la-justicia-hay-otra-docena-mujeres-y-hombres-desaparecidos","status":"publish","type":"post","link":"https:\/\/zonaroja.com.mx\/?p=38908","title":{"rendered":"Busca FGO a pr\u00f3fugo de la justicia; hay otra docena mujeres y hombres desaparecidos"},"content":{"rendered":"\n<p>Yuridiana Sosa\/ Zona Roja<\/p>\n\n\n\n<p>Oaxaca de Ju\u00e1rez, Oax., 18 de marzo de 2022.- La Fiscal\u00eda General de Oaxaca solicit\u00f3 el apoyo de la ciudadan\u00eda para localizar a Ali V\u00e1zquez Cruz, alias \u00abEl Chaparro\u00bb o \u00abEl Chato\u00bb, quien es se\u00f1alado como probable responsable del delito de desaparici\u00f3n forzada.<\/p>\n\n\n\n<p>La dependencia boletin\u00f3 este viernes al presunto delincuente, pr\u00f3fugo de la justicia, de quien piden reportar cualquier informaci\u00f3n, de manera confidencial, su localizaci\u00f3n a los n\u00fameros telef\u00f3nicos 951 568 4929 y 089.<\/p>\n\n\n\n<p>As\u00ed como de manera frecuente, difunden la fotograf\u00eda, con diferentes presuntas apariencias de Juan Antonio Vera Hern\u00e1ndez, probable responsable del delito de tentativa de feminicidio contra la saxofonista Mar\u00eda Elena R\u00edos en septiembre de 2019. Adem\u00e1s de ofrecer una recompensa de hasta un mill\u00f3n de pesos por informaci\u00f3n \u00fatil para su captura.<\/p>\n\n\n\n<p>DESAPARICIONES<\/p>\n\n\n\n<p>En el transcurso de seis d\u00edas han sido reportados como no localizados y desaparecidos unas 14 personas, de los que ocho son varones y seis mujeres.<\/p>\n\n\n\n<p>La Unidad de B\u00fasqueda de Personas No Localizadas y Desaparecidas, de la Fiscal\u00eda General de Oaxaca, pide ayuda para encontrar a Diana Janette Ventura, de 20 a\u00f1os, quien fue vista por \u00faltima vez ayer 17 de marzo en \u00c1nimas Trujano.<\/p>\n\n\n\n<p>Tambi\u00e9n, a Stephanie V\u00e1squez Garc\u00eda, de 22 a\u00f1os de edad, vista por \u00faltima vez el pasado 15 de marzo en el sitio de taxis ubicado en San Mart\u00edn Tilcajete, en los Valles Centrales.<\/p>\n\n\n\n<p>Se suma a la lista la menor Eliza Salinas Cruz 16 a\u00f1os, vista por \u00faltima vez el 15 de marzo de 2022, en la calle de Bustamante, en el Centro Hist\u00f3rico de Oaxaca de Ju\u00e1rez.<\/p>\n\n\n\n<p>Nayeli Altamirano Garc\u00eda, de 15 a\u00f1os de edad, tambi\u00e9n es buscada luego de no conocer de su paradero desde el pasado 14 de marzo, tras ser vista en Barrio Grande de San Juan Bautista Cuicatl\u00e1n.<\/p>\n\n\n\n<p>Tambi\u00e9n son buscadas Mar\u00eda del Roc\u00edo Cambr\u00f3n Peralta de 49 a\u00f1os, desaparecida el 10 de marzo en la colonia La Paz, de Puerto Escondido, en el municipio de San Pedro Mixtepec y Tania Michelle V\u00e1zquez Hern\u00e1ndez, de 18 a\u00f1os, no localizada desde ese mismo d\u00eda, pero en Ocotl\u00e1n de Morelos.<\/p>\n\n\n\n<p>En la lista de casos de hombres reportados como desaparecidos se emiti\u00f3 la ficha para localizar a Israel Lagunes Monjaras, de 24 a\u00f1os, fue visto por \u00faltima vez el d\u00eda 11 de marzo en la colonia Guadalupe Hinojosa del municipio de Loma Bonita.<\/p>\n\n\n\n<p>Esteban Antonio, de 75 a\u00f1os, fue visto desde el 10 de marzo en la poblaci\u00f3n de Asunci\u00f3n, del municipio de Ocotl\u00e1n de Morelos. Mientras que, en esa misma fecha, pero en la colonia Alem\u00e1n, de Oaxaca de Ju\u00e1rez, desapareci\u00f3 Kevin Ricardo Guti\u00e9rrez Calvo, de 22 a\u00f1os.<\/p>\n\n\n\n<p>Alexander Segura Galeana, de 24 a\u00f1os, fue visto por \u00faltima vez el 14 de marzo, en la colonia Ni\u00f1os H\u00e9roes, de Santa Mar\u00eda Atzompa; Antonio Rafael R\u00edos Cruz, de 44 a\u00f1os, no ha sido localizado desde el 8 de marzo, tras ser visto en la colonia Aurora, de la capital del estado.<\/p>\n\n\n\n<p>Aunque sus desapariciones ocurrieron en otros meses, esta semana se difundi\u00f3 la ficha para localizar a Luis Alberto Caos Barrita, de 35 a\u00f1os desaparecido desde el 7 de diciembre en la colonia Progreso de Santa Cruz Xoxocotl\u00e1n; a Andry Cruz R\u00edos, de 20 a\u00f1os, visto por \u00faltima vez el 27 de febrero en la Colonia La Paz, Santa Cruz Xoxocotl\u00e1n y a Librado Demetrio Garc\u00eda Manzano, de 79 a\u00f1os, no localizado desde el 27 de Febrero en San Juan Atepec, de Ixtl\u00e1n De Ju\u00e1rez.<\/p>\n","protected":false},"excerpt":{"rendered":"<p>Yuridiana Sosa\/ Zona Roja Oaxaca de Ju\u00e1rez, Oax., 18 de marzo de 2022.- La Fiscal\u00eda&hellip;<\/p>\n","protected":false},"author":2,"featured_media":38911,"comment_status":"closed","ping_status":"open","sticky":false,"template":"","format":"standard","meta":{"_lmt_disableupdate":"","_lmt_disable":"","_jetpack_memberships_contains_paid_content":false,"footnotes":""},"categories":[109,47],"tags":[494],"class_list":["post-38908","post","type-post","status-publish","format-standard","has-post-thumbnail","hentry","category-minuto-a-minuto","category-zona-gris","tag-fiscalia-general-del-estado-de-oaxaca"],"jetpack_featured_media_url":"https:\/\/zonaroja.com.mx\/wp-content\/uploads\/2022\/03\/img_0678.jpg","jetpack_sharing_enabled":true,"_links":{"self":[{"href":"https:\/\/zonaroja.com.mx\/index.php?rest_route=\/wp\/v2\/posts\/38908","targetHints":{"allow":["GET"]}}],"collection":[{"href":"https:\/\/zonaroja.com.mx\/index.php?rest_route=\/wp\/v2\/posts"}],"about":[{"href":"https:\/\/zonaroja.com.mx\/index.php?rest_route=\/wp\/v2\/types\/post"}],"author":[{"embeddable":true,"href":"https:\/\/zonaroja.com.mx\/index.php?rest_route=\/wp\/v2\/users\/2"}],"replies":[{"embeddable":true,"href":"https:\/\/zonaroja.com.mx\/index.php?rest_route=%2Fwp%2Fv2%2Fcomments&post=38908"}],"version-history":[{"count":1,"href":"https:\/\/zonaroja.com.mx\/index.php?rest_route=\/wp\/v2\/posts\/38908\/revisions"}],"predecessor-version":[{"id":38910,"href":"https:\/\/zonaroja.com.mx\/index.php?rest_route=\/wp\/v2\/posts\/38908\/revisions\/38910"}],"wp:featuredmedia":[{"embeddable":true,"href":"https:\/\/zonaroja.com.mx\/index.php?rest_route=\/wp\/v2\/media\/38911"}],"wp:attachment":[{"href":"https:\/\/zonaroja.com.mx\/index.php?rest_route=%2Fwp%2Fv2%2Fmedia&parent=38908"}],"wp:term":[{"taxonomy":"category","embeddable":true,"href":"https:\/\/zonaroja.com.mx\/index.php?rest_route=%2Fwp%2Fv2%2Fcategories&post=38908"},{"taxonomy":"post_tag","embeddable":true,"href":"https:\/\/zonaroja.com.mx\/index.php?rest_route=%2Fwp%2Fv2%2Ftags&post=38908"}],"curies":[{"name":"wp","href":"https:\/\/api.w.org\/{rel}","templated":true}]}}