{"id":38912,"date":"2022-03-18T16:24:17","date_gmt":"2022-03-18T22:24:17","guid":{"rendered":"http:\/\/www.zonaroja.com.mx\/?p=38912"},"modified":"2022-03-18T17:21:43","modified_gmt":"2022-03-18T23:21:43","slug":"con-protestas-reciben-a-lopez-obrador-en-el-istmo","status":"publish","type":"post","link":"https:\/\/zonaroja.com.mx\/?p=38912","title":{"rendered":"Con protestas y quema de autob\u00fas reciben a AMLO en el Istmo"},"content":{"rendered":"\n<p>Redacci\u00f3n\/Zona Roja.<\/p>\n\n\n\n<p>Oaxaca de Ju\u00e1rez, Oax., 18 de marzo de 2022.- Con dos protesta en la regi\u00f3n del Istmo, que incluye la quema de un autob\u00fas, lleg\u00f3 el Presidente de M\u00e9xico, Andr\u00e9s Manuel L\u00f3pez Obrador, al municipio de Mat\u00edas Romero Avenda\u00f1o, Oaxaca.<\/p>\n\n\n\n<p>La movilizaci\u00f3n en Mat\u00edas Romero se realiza por parte de integrantes de la Unidad de Comunidades Ind\u00edgenas de la Zona Norte del Istmo (Ucizoni) para exigir la renuncia de funcionarios, encabezados por Ignacio Mart\u00ednez Calder\u00f3n, \u201cpor actos de corrupci\u00f3n y opacidad, en detrimento de los campesinos de la regi\u00f3n\u201d.<\/p>\n\n\n\n<p>El mandatario mexicano arrib\u00f3 esta tarde a la localidad de Palomares, donde supervisa con el gobernador Alejandro Murat obras del corredor Interoce\u00e1nico y pernoctar\u00e1; el s\u00e1bado recorrer\u00e1 las supercarrteras a la Costa e Istmo y el domingo acudir\u00e1 a Guelatao de Ju\u00e1rez, donde adelantar\u00e1 el homenaje por el natalicio del Benem\u00e9rito de las Am\u00e9ricas.<\/p>\n\n\n\n<p>En tanto, en la regi\u00f3n del Istmo, un segundo bloqueo se activ\u00f3 por en\u00e9sima ocasi\u00f3n, en Juchit\u00e1n de Zaragoza, donde pobladores de la agencia \u00c1lvaro Obreg\u00f3n exigen intervenci\u00f3n de la autoridad municipal ante inconformidades por la elecci\u00f3n de la autoridad auxiliar.<\/p>\n\n\n\n<p>Por la nula atenci\u00f3n del edil juchiteco Emilio Montero P\u00e9rez, los inconformes quemaron esta tarde un autob\u00fas de pasajeros. <\/p>\n\n\n\n<p>En la regi\u00f3n de la Costa de Oaxaca tambi\u00e9n se activ\u00f3 un bloqueo carretero, a la altura de la localidad de Bajos de Chila, San Pedro Mixtepec, por un conflicto con el tiradero de basura.<\/p>\n\n\n\n<p>Mientras que en la ciudad de Oaxaca se registran dos cierres de vialidades, uno en la carretera a Santa Mar\u00eda Atzompa, por parte de pobladores de la agencia Montoya, inconformes con la elecci\u00f3n de autoridades municipales el pasado domingo.<\/p>\n\n\n\n<p>Un grupo de 10 supervisores cerraron por unas horas la avenida Ju\u00e1rez esquina con Berrioz\u00e1bal, en el centro de la capital, para exigir atenci\u00f3n a demandas educativas.<\/p>\n","protected":false},"excerpt":{"rendered":"<p>Redacci\u00f3n\/Zona Roja. Oaxaca de Ju\u00e1rez, Oax., 18 de marzo de 2022.- Con dos protesta en&hellip;<\/p>\n","protected":false},"author":2,"featured_media":38914,"comment_status":"closed","ping_status":"open","sticky":false,"template":"","format":"standard","meta":{"_lmt_disableupdate":"","_lmt_disable":"","_jetpack_memberships_contains_paid_content":false,"footnotes":""},"categories":[109,47],"tags":[143],"class_list":["post-38912","post","type-post","status-publish","format-standard","has-post-thumbnail","hentry","category-minuto-a-minuto","category-zona-gris","tag-andres-manuel-lopez-obrador"],"jetpack_featured_media_url":"https:\/\/zonaroja.com.mx\/wp-content\/uploads\/2022\/03\/71e228d5-6ac7-441d-a121-5acbadbbf8f7.jpg","jetpack_sharing_enabled":true,"_links":{"self":[{"href":"https:\/\/zonaroja.com.mx\/index.php?rest_route=\/wp\/v2\/posts\/38912","targetHints":{"allow":["GET"]}}],"collection":[{"href":"https:\/\/zonaroja.com.mx\/index.php?rest_route=\/wp\/v2\/posts"}],"about":[{"href":"https:\/\/zonaroja.com.mx\/index.php?rest_route=\/wp\/v2\/types\/post"}],"author":[{"embeddable":true,"href":"https:\/\/zonaroja.com.mx\/index.php?rest_route=\/wp\/v2\/users\/2"}],"replies":[{"embeddable":true,"href":"https:\/\/zonaroja.com.mx\/index.php?rest_route=%2Fwp%2Fv2%2Fcomments&post=38912"}],"version-history":[{"count":2,"href":"https:\/\/zonaroja.com.mx\/index.php?rest_route=\/wp\/v2\/posts\/38912\/revisions"}],"predecessor-version":[{"id":38915,"href":"https:\/\/zonaroja.com.mx\/index.php?rest_route=\/wp\/v2\/posts\/38912\/revisions\/38915"}],"wp:featuredmedia":[{"embeddable":true,"href":"https:\/\/zonaroja.com.mx\/index.php?rest_route=\/wp\/v2\/media\/38914"}],"wp:attachment":[{"href":"https:\/\/zonaroja.com.mx\/index.php?rest_route=%2Fwp%2Fv2%2Fmedia&parent=38912"}],"wp:term":[{"taxonomy":"category","embeddable":true,"href":"https:\/\/zonaroja.com.mx\/index.php?rest_route=%2Fwp%2Fv2%2Fcategories&post=38912"},{"taxonomy":"post_tag","embeddable":true,"href":"https:\/\/zonaroja.com.mx\/index.php?rest_route=%2Fwp%2Fv2%2Ftags&post=38912"}],"curies":[{"name":"wp","href":"https:\/\/api.w.org\/{rel}","templated":true}]}}