{"id":38916,"date":"2022-03-18T20:14:30","date_gmt":"2022-03-19T02:14:30","guid":{"rendered":"http:\/\/www.zonaroja.com.mx\/?p=38916"},"modified":"2022-03-18T20:18:54","modified_gmt":"2022-03-19T02:18:54","slug":"inicia-amlo-gira-por-oaxaca-con-gobernador-supervisa-corredor-interoceanico","status":"publish","type":"post","link":"https:\/\/zonaroja.com.mx\/?p=38916","title":{"rendered":"Inicia AMLO gira por Oaxaca; con gobernador supervisa Corredor Interoce\u00e1nico"},"content":{"rendered":"\n<p>Redacci\u00f3n\/Zona Roja.<\/p>\n\n\n\n<p>Oaxaca de Ju\u00e1rez, Oax., 18 de marzo de 2022.- En lo que es su gira de trabajo n\u00famero 28 por la entidad, el Presidente de M\u00e9xico inici\u00f3 en la regi\u00f3n del Istmo de Tehuantepec tres d\u00edas de gira de trabajo por Oaxaca.<\/p>\n\n\n\n<p>En Mat\u00edas Romero Avenda\u00f1o fue recibido por el gobernador Alejandro Murat Hinojosa, con quien supervis\u00f3 los avances en diversas obras que comprenden el Corredor Interoce\u00e1nico.<\/p>\n\n\n\n<p>En la comunidad de Donaj\u00ed perteneciente al municipio de Mat\u00edas Romero, el mandatario estatal se\u00f1al\u00f3 que con la visita a esta regi\u00f3n se respira la historia, pero a partir de ahora, tambi\u00e9n se respira el progreso y el desarrollo econ\u00f3mico.<\/p>\n\n\n\n<p>Asimismo, en el marco de este primer d\u00eda de gira de trabajo, L\u00f3pez Obrador y Murat Hinojosa tambi\u00e9n conocieron los avances de los trabajos en la carretera federal Acayucan-La Ventosa, los cuales presentan un avance global del 84.8%.<\/p>\n\n\n\n<p>Desde la localidad de Donaj\u00ed, que a partir de 1894 es patrimonio ferrocarrilero de M\u00e9xico, el gobernador reconoci\u00f3 el apoyo que el Presidente de M\u00e9xico ha brindado a esta entidad oaxaque\u00f1a, mismo que se refleja en el presupuesto destinado por su gobierno a la ejecuci\u00f3n de obras en beneficio de las y los oaxaque\u00f1os.<\/p>\n\n\n\n<p>En la supervisi\u00f3n del avance global de cinco tramos, se inform\u00f3 que contin\u00faa la construcci\u00f3n de 16 kil\u00f3metros de rompeolas en el puerto de Salina Cruz, en las que se han vertido 399 mil toneladas de roca al mar; as\u00ed como en el tramo 4 (La Mata-El Jord\u00e1n), se avanza en la rehabilitaci\u00f3n del puente que cruza el r\u00edo \u201cLos Perros\u201d.<\/p>\n\n\n\n<figure class=\"wp-block-embed is-type-rich is-provider-twitter wp-block-embed-twitter\"><div class=\"wp-block-embed__wrapper\">\n<div class=\"twitter-tweet\"><blockquote class=\"twitter-tweet\" data-lang=\"es\"><p lang=\"es\" dir=\"ltr\"><a href=\"https:\/\/twitter.com\/hashtag\/%C3%9AltimoMinuto?src=hash&amp;ref_src=twsrc%5Etfw\">#\u00daltimoMinuto<\/a> <br>Arriba al municipio de Mat\u00edas Romero Avenda\u00f1o, el Presidente de M\u00e9xico, Andr\u00e9s Manuel L\u00f3pez Obrador, para una gira de trabajo de tres d\u00edas por <a href=\"https:\/\/twitter.com\/hashtag\/Oaxaca?src=hash&amp;ref_src=twsrc%5Etfw\">#Oaxaca<\/a>. <br>Fue recibido por el gobernador <a href=\"https:\/\/twitter.com\/alejandromurat?ref_src=twsrc%5Etfw\">@AlejandroMurat<\/a>, con quien supervisa obras del Corredor Interoce\u00e1nico. <a href=\"https:\/\/t.co\/csDusKqB6C\">pic.twitter.com\/csDusKqB6C<\/a><\/p>&mdash; Zona Roja Oaxaca (@ZonaRoja_Oaxaca) <a href=\"https:\/\/twitter.com\/ZonaRoja_Oaxaca\/status\/1504948067329470468?ref_src=twsrc%5Etfw\">18 de marzo de 2022<\/a><\/blockquote><\/div>\n<\/div><\/figure>\n\n\n\n<p>Adem\u00e1s, en Mat\u00edas Romero se explora la posibilidad de rescatar la antigua estaci\u00f3n del tren para hacer un nuevo espacio p\u00fablico.<\/p>\n\n\n\n<p>Posteriormente, el Presidente de la Naci\u00f3n y el Gobernador de Oaxaca tambi\u00e9n conocieron los avances de la construcci\u00f3n del entronque Palomares II km167+095, el cual tiene una inversi\u00f3n de 160.7 millones de pesos y se prev\u00e9 que concluyan los trabajos en mayo pr\u00f3ximo.<\/p>\n\n\n\n<p>En esta obra que tiene la finalidad de distribuir adecuadamente el tr\u00e1nsito de largo itinerario proveniente del Libramiento Palomares, participan las empresas Construcciones Civiles y Asesor\u00eda T\u00e9cnica, S.A. de C.V, Ingenier\u00eda y Edificaci\u00f3n de los Tuxtlas, S.A. de C.V., y Constructora y Arrendadora de la Cuenca, S.A. de C.V.<\/p>\n\n\n\n<p>Los trabajos de construcci\u00f3n en la carretera federal Acayucan-La Ventosa, tiene una inversi\u00f3n total de 4 mil 224.5 millones de pesos- la cual dio inicio en agosto de 2007 y se prev\u00e9 concluya en diciembre de 2023-, abarca una longitud total de 96.7 kil\u00f3metros, de los cuales 84.4 kil\u00f3metros se encuentran en operaci\u00f3n; y este 2022 se construir\u00e1n 2.3, quedando pendientes10 kil\u00f3metros para su conclusi\u00f3n en el 2023.<\/p>\n\n\n\n<p>Cabe se\u00f1alar que en este 2022, se concluyeron los trabajos complementarios del kil\u00f3metro 207+780 al kil\u00f3metro 211+350, la cual requiri\u00f3 523.50 millones de pesos para su ejecuci\u00f3n; mientras que la obras en proceso de ejecuci\u00f3n son la estabilizaci\u00f3n de taludes en el libramiento Palomares, un 20% del entronque Palomares II, conclusi\u00f3n Paso por Sarabia y puente la Esperanza.<\/p>\n","protected":false},"excerpt":{"rendered":"<p>Redacci\u00f3n\/Zona Roja. Oaxaca de Ju\u00e1rez, Oax., 18 de marzo de 2022.- En lo que es&hellip;<\/p>\n","protected":false},"author":2,"featured_media":38918,"comment_status":"closed","ping_status":"open","sticky":false,"template":"","format":"standard","meta":{"_lmt_disableupdate":"","_lmt_disable":"","_jetpack_memberships_contains_paid_content":false,"footnotes":""},"categories":[109,46],"tags":[1536],"class_list":["post-38916","post","type-post","status-publish","format-standard","has-post-thumbnail","hentry","category-minuto-a-minuto","category-zona-blanca","tag-visita-andres-manuel-lopez-obrador-a-oaxaca"],"jetpack_featured_media_url":"https:\/\/zonaroja.com.mx\/wp-content\/uploads\/2022\/03\/4dd610e3-ae38-4a02-a951-0af669a1bd3b.jpg","jetpack_sharing_enabled":true,"_links":{"self":[{"href":"https:\/\/zonaroja.com.mx\/index.php?rest_route=\/wp\/v2\/posts\/38916","targetHints":{"allow":["GET"]}}],"collection":[{"href":"https:\/\/zonaroja.com.mx\/index.php?rest_route=\/wp\/v2\/posts"}],"about":[{"href":"https:\/\/zonaroja.com.mx\/index.php?rest_route=\/wp\/v2\/types\/post"}],"author":[{"embeddable":true,"href":"https:\/\/zonaroja.com.mx\/index.php?rest_route=\/wp\/v2\/users\/2"}],"replies":[{"embeddable":true,"href":"https:\/\/zonaroja.com.mx\/index.php?rest_route=%2Fwp%2Fv2%2Fcomments&post=38916"}],"version-history":[{"count":1,"href":"https:\/\/zonaroja.com.mx\/index.php?rest_route=\/wp\/v2\/posts\/38916\/revisions"}],"predecessor-version":[{"id":38917,"href":"https:\/\/zonaroja.com.mx\/index.php?rest_route=\/wp\/v2\/posts\/38916\/revisions\/38917"}],"wp:featuredmedia":[{"embeddable":true,"href":"https:\/\/zonaroja.com.mx\/index.php?rest_route=\/wp\/v2\/media\/38918"}],"wp:attachment":[{"href":"https:\/\/zonaroja.com.mx\/index.php?rest_route=%2Fwp%2Fv2%2Fmedia&parent=38916"}],"wp:term":[{"taxonomy":"category","embeddable":true,"href":"https:\/\/zonaroja.com.mx\/index.php?rest_route=%2Fwp%2Fv2%2Fcategories&post=38916"},{"taxonomy":"post_tag","embeddable":true,"href":"https:\/\/zonaroja.com.mx\/index.php?rest_route=%2Fwp%2Fv2%2Ftags&post=38916"}],"curies":[{"name":"wp","href":"https:\/\/api.w.org\/{rel}","templated":true}]}}