{"id":38929,"date":"2022-03-19T09:50:00","date_gmt":"2022-03-19T15:50:00","guid":{"rendered":"http:\/\/www.zonaroja.com.mx\/?p=38929"},"modified":"2022-03-19T06:52:13","modified_gmt":"2022-03-19T12:52:13","slug":"sera-un-proceso-largo-dice-susana-harp-sobre-definicion-de-candidatura-de-morena","status":"publish","type":"post","link":"https:\/\/zonaroja.com.mx\/?p=38929","title":{"rendered":"Ser\u00e1 un proceso largo, dice Susana Harp, sobre definici\u00f3n de candidatura de Morena"},"content":{"rendered":"\n<p>Redacci\u00f3n\/Zona Roja Cdmx.<\/p>\n\n\n\n<p>Ciudad de M\u00e9xico, 19 de marzo de 2022.- La senadora de Morena, Susana Harp, se\u00f1al\u00f3 que el proceso de la definici\u00f3n de la candidatura a la gubernatura de Oaxaca es largo, ya que \u00abla justicia en M\u00e9xico no se aplica de manera r\u00e1pida y expedita\u00bb.&nbsp;<\/p>\n\n\n\n<p>\u00abLa justicia en M\u00e9xico no se aplica de manera r\u00e1pida y expedita, son procesos largos, y nosotros hemos ido observando e impugnando todas las partes del proceso interno de Morena a la candidatura de nuestro estado, (Oaxaca)\u00bb, dijo en entrevista con Elisa Alan\u00eds para MILENIO Televisi\u00f3n.&nbsp;<\/p>\n\n\n\n<p>La legisladora aclar\u00f3 que \u00abel caso es que son varias impugnaciones; hay algunas centrales, definitorias, de forma, pero hemos tenido que ir observ\u00e1ndolo todo porque es lo que debemos hacer para que no quede ning\u00fan cabo suelto\u201d.<\/p>\n\n\n\n<p>Adem\u00e1s, explic\u00f3 que no hay fecha l\u00edmite para la definici\u00f3n de la candidatura, por lo que, asegur\u00f3, deb\u00eda ser resiliente y resistente.&nbsp;&nbsp;<\/p>\n\n\n\n<p>\u00ab(Aunque) son muchas vueltas, vamos a continuar y llegaremos hasta el final&#8230; Se trata de resistencia y resiliencia\u00bb, dijo.&nbsp;<\/p>\n\n\n\n<p>(Informaci\u00f3n de \u201cMilenio\u201d)<\/p>\n\n\n\n<figure class=\"wp-block-embed\"><div class=\"wp-block-embed__wrapper\">\nhttps:\/\/www.milenio.com\/politica\/sera-un-proceso-largo-susana-harp-sobre-definicion-de-candidatura\n<\/div><\/figure>\n","protected":false},"excerpt":{"rendered":"<p>Redacci\u00f3n\/Zona Roja Cdmx. Ciudad de M\u00e9xico, 19 de marzo de 2022.- La senadora de Morena,&hellip;<\/p>\n","protected":false},"author":2,"featured_media":34835,"comment_status":"closed","ping_status":"open","sticky":false,"template":"","format":"standard","meta":{"_lmt_disableupdate":"","_lmt_disable":"","_jetpack_memberships_contains_paid_content":false,"footnotes":""},"categories":[109,46],"tags":[1685],"class_list":["post-38929","post","type-post","status-publish","format-standard","has-post-thumbnail","hentry","category-minuto-a-minuto","category-zona-blanca","tag-susana-harp-iturribarria"],"jetpack_featured_media_url":"https:\/\/zonaroja.com.mx\/wp-content\/uploads\/2021\/11\/Susana-Harp-y-Lopez-Obrador.jpg","jetpack_sharing_enabled":true,"_links":{"self":[{"href":"https:\/\/zonaroja.com.mx\/index.php?rest_route=\/wp\/v2\/posts\/38929","targetHints":{"allow":["GET"]}}],"collection":[{"href":"https:\/\/zonaroja.com.mx\/index.php?rest_route=\/wp\/v2\/posts"}],"about":[{"href":"https:\/\/zonaroja.com.mx\/index.php?rest_route=\/wp\/v2\/types\/post"}],"author":[{"embeddable":true,"href":"https:\/\/zonaroja.com.mx\/index.php?rest_route=\/wp\/v2\/users\/2"}],"replies":[{"embeddable":true,"href":"https:\/\/zonaroja.com.mx\/index.php?rest_route=%2Fwp%2Fv2%2Fcomments&post=38929"}],"version-history":[{"count":1,"href":"https:\/\/zonaroja.com.mx\/index.php?rest_route=\/wp\/v2\/posts\/38929\/revisions"}],"predecessor-version":[{"id":38930,"href":"https:\/\/zonaroja.com.mx\/index.php?rest_route=\/wp\/v2\/posts\/38929\/revisions\/38930"}],"wp:featuredmedia":[{"embeddable":true,"href":"https:\/\/zonaroja.com.mx\/index.php?rest_route=\/wp\/v2\/media\/34835"}],"wp:attachment":[{"href":"https:\/\/zonaroja.com.mx\/index.php?rest_route=%2Fwp%2Fv2%2Fmedia&parent=38929"}],"wp:term":[{"taxonomy":"category","embeddable":true,"href":"https:\/\/zonaroja.com.mx\/index.php?rest_route=%2Fwp%2Fv2%2Fcategories&post=38929"},{"taxonomy":"post_tag","embeddable":true,"href":"https:\/\/zonaroja.com.mx\/index.php?rest_route=%2Fwp%2Fv2%2Ftags&post=38929"}],"curies":[{"name":"wp","href":"https:\/\/api.w.org\/{rel}","templated":true}]}}